{"id":11536,"date":"2026-03-18T10:00:01","date_gmt":"2026-03-18T09:00:01","guid":{"rendered":"https:\/\/fedetenismurcia.com\/?p=11536"},"modified":"2026-03-18T10:25:38","modified_gmt":"2026-03-18T09:25:38","slug":"regional-por-equipos-juvenil-ftrm","status":"publish","type":"post","link":"https:\/\/fedetenismurcia.com\/?p=11536","title":{"rendered":"Regional por Equipos Juvenil FTRM"},"content":{"rendered":"[vc_row type=&#8221;in_container&#8221; full_screen_row_position=&#8221;middle&#8221; column_margin=&#8221;default&#8221; column_direction=&#8221;default&#8221; column_direction_tablet=&#8221;default&#8221; column_direction_phone=&#8221;default&#8221; scene_position=&#8221;center&#8221; text_color=&#8221;dark&#8221; text_align=&#8221;left&#8221; row_border_radius=&#8221;none&#8221; row_border_radius_applies=&#8221;bg&#8221; row_position_desktop=&#8221;default&#8221; row_position_tablet=&#8221;inherit&#8221; row_position_phone=&#8221;inherit&#8221; overflow=&#8221;visible&#8221; overlay_strength=&#8221;0.3&#8243; gradient_direction=&#8221;left_to_right&#8221; shape_divider_position=&#8221;bottom&#8221; bg_image_animation=&#8221;none&#8221;][vc_column column_padding=&#8221;no-extra-padding&#8221; column_padding_tablet=&#8221;inherit&#8221; column_padding_phone=&#8221;inherit&#8221; column_padding_position=&#8221;all&#8221; flex_gap_desktop=&#8221;10px&#8221; column_element_direction_desktop=&#8221;default&#8221; column_element_spacing=&#8221;default&#8221; desktop_text_alignment=&#8221;default&#8221; tablet_text_alignment=&#8221;default&#8221; phone_text_alignment=&#8221;default&#8221; background_color_opacity=&#8221;1&#8243; background_hover_color_opacity=&#8221;1&#8243; column_backdrop_filter=&#8221;none&#8221; column_shadow=&#8221;none&#8221; column_border_radius=&#8221;none&#8221; column_link_target=&#8221;_self&#8221; column_position=&#8221;default&#8221; gradient_direction=&#8221;left_to_right&#8221; overlay_strength=&#8221;0.3&#8243; width=&#8221;1\/1&#8243; tablet_width_inherit=&#8221;default&#8221; animation_type=&#8221;default&#8221; bg_image_animation=&#8221;none&#8221; border_type=&#8221;simple&#8221; column_border_width=&#8221;none&#8221; column_border_style=&#8221;solid&#8221;][vc_column_text css=&#8221;&#8221; text_direction=&#8221;default&#8221;]\n<p data-start=\"119\" data-end=\"222\"><strong data-start=\"119\" data-end=\"222\">La Federaci\u00f3n de Tenis de la Regi\u00f3n de Murcia lanza el Campeonato Regional Juvenil por Equipos 2026<\/strong><\/p>\n<p data-start=\"224\" data-end=\"413\">La Federaci\u00f3n de Tenis de la Regi\u00f3n de Murcia anuncia la celebraci\u00f3n del <strong data-start=\"297\" data-end=\"345\">Campeonato Regional Juvenil por Equipos 2026<\/strong>, una de las competiciones m\u00e1s destacadas del calendario auton\u00f3mico.<\/p>\n<p data-start=\"415\" data-end=\"640\">El torneo se disputar\u00e1 <strong data-start=\"438\" data-end=\"479\">del 6 de abril al 21 de junio de 2026<\/strong>, reuniendo a los mejores clubes y j\u00f3venes promesas del tenis regional en un formato por equipos que fomenta tanto el rendimiento deportivo como el compa\u00f1erismo.<\/p>\n<p data-start=\"642\" data-end=\"851\">Adem\u00e1s, este campeonato tendr\u00e1 un atractivo a\u00f1adido, ya que ser\u00e1 <strong data-start=\"707\" data-end=\"774\">clasificatorio para el Campeonato de Espa\u00f1a por Equipos Juvenil<\/strong>, ofreciendo a los participantes la oportunidad de competir a nivel nacional.<\/p>\n<p data-start=\"853\" data-end=\"985\">La competici\u00f3n contar\u00e1 con el respaldo de la marca deportiva <strong data-start=\"914\" data-end=\"924\">Dunlop<\/strong>, reafirmando su compromiso con el desarrollo del tenis base.<\/p>\n<p data-start=\"987\" data-end=\"1127\">\ud83d\udc49 <strong data-start=\"990\" data-end=\"1036\">Inscripciones, normativa y m\u00e1s informaci\u00f3n<\/strong> disponibles en:<br data-start=\"1052\" data-end=\"1055\" \/><a class=\"decorated-link cursor-pointer\" target=\"_new\" rel=\"noopener\" data-start=\"1055\" data-end=\"1078\">www.fedetenismurcia.com<\/a><br data-start=\"1078\" data-end=\"1081\" \/>\ud83d\udcf2 Tambi\u00e9n en redes sociales: @fedetenismurcia<\/p>\n<p data-start=\"1129\" data-end=\"1235\">Desde la Federaci\u00f3n se anima a todos los clubes a participar en esta gran cita del tenis juvenil regional.<img loading=\"lazy\" decoding=\"async\" class=\"aligncenter wp-image-11520 size-medium\" src=\"https:\/\/fedetenismurcia.com\/wp-content\/uploads\/2026\/03\/cartel-212x300.jpg\" alt=\"\" width=\"212\" height=\"300\" srcset=\"https:\/\/fedetenismurcia.com\/wp-content\/uploads\/2026\/03\/cartel-212x300.jpg 212w, https:\/\/fedetenismurcia.com\/wp-content\/uploads\/2026\/03\/cartel-724x1024.jpg 724w, https:\/\/fedetenismurcia.com\/wp-content\/uploads\/2026\/03\/cartel-768x1086.jpg 768w, https:\/\/fedetenismurcia.com\/wp-content\/uploads\/2026\/03\/cartel-1086x1536.jpg 1086w, https:\/\/fedetenismurcia.com\/wp-content\/uploads\/2026\/03\/cartel.jpg 1131w\" sizes=\"auto, (max-width: 212px) 100vw, 212px\" \/><\/p>\n[\/vc_column_text][\/vc_column][\/vc_row]\n","protected":false},"excerpt":{"rendered":"<p>[vc_row type=&#8221;in_container&#8221; full_screen_row_position=&#8221;middle&#8221; column_margin=&#8221;default&#8221; column_direction=&#8221;default&#8221; column_direction_tablet=&#8221;default&#8221; column_direction_phone=&#8221;default&#8221; scene_position=&#8221;center&#8221; text_color=&#8221;dark&#8221; text_align=&#8221;left&#8221; row_border_radius=&#8221;none&#8221; row_border_radius_applies=&#8221;bg&#8221; row_position_desktop=&#8221;default&#8221; row_position_tablet=&#8221;inherit&#8221; row_position_phone=&#8221;inherit&#8221; overflow=&#8221;visible&#8221; overlay_strength=&#8221;0.3&#8243; gradient_direction=&#8221;left_to_right&#8221; shape_divider_position=&#8221;bottom&#8221; bg_image_animation=&#8221;none&#8221;][vc_column column_padding=&#8221;no-extra-padding&#8221; column_padding_tablet=&#8221;inherit&#8221; column_padding_phone=&#8221;inherit&#8221; column_padding_position=&#8221;all&#8221; flex_gap_desktop=&#8221;10px&#8221; column_element_direction_desktop=&#8221;default&#8221; column_element_spacing=&#8221;default&#8221; desktop_text_alignment=&#8221;default&#8221; tablet_text_alignment=&#8221;default&#8221; phone_text_alignment=&#8221;default&#8221;&#8230;<\/p>\n","protected":false},"author":1,"featured_media":11520,"comment_status":"open","ping_status":"open","sticky":false,"template":"","format":"standard","meta":{"footnotes":""},"categories":[39],"tags":[],"class_list":["post-11536","post","type-post","status-publish","format-standard","has-post-thumbnail","category-regionales-juveniles-por-equipos"],"featured_media_src":"https:\/\/fedetenismurcia.com\/wp-content\/uploads\/2026\/03\/cartel-724x1024.jpg","excerpt_plain":"[vc_row type=&#8221;in_container&#8221; full_screen_row_position=&#8221;middle&#8221; column_margin=&#8221;default&#8221; column_direction=&#8221;default&#8221; column_direction_tablet=&#8221;default&#8221; column_direction_phone=&#8221;default&#8221; scene_position=&#8221;center&#8221; text_color=&#8221;dark&#8221; text_align=&#8221;left&#8221; row_border_radius=&#8221;none&#8221; row_border_radius_applies=&#8221;bg&#8221; row_position_desktop=&#8221;default&#8221; row_position_tablet=&#8221;inherit&#8221; row_position_phone=&#8221;inherit&#8221; overflow=&#8221;visible&#8221; overlay_strength=&#8221;0.3&#8243; gradient_direction=&#8221;left_to_right&#8221; shape_divider_position=&#8221;bottom&#8221; bg_image_animation=&#8221;none&#8221;][vc_column...","_links":{"self":[{"href":"https:\/\/fedetenismurcia.com\/index.php?rest_route=\/wp\/v2\/posts\/11536","targetHints":{"allow":["GET"]}}],"collection":[{"href":"https:\/\/fedetenismurcia.com\/index.php?rest_route=\/wp\/v2\/posts"}],"about":[{"href":"https:\/\/fedetenismurcia.com\/index.php?rest_route=\/wp\/v2\/types\/post"}],"author":[{"embeddable":true,"href":"https:\/\/fedetenismurcia.com\/index.php?rest_route=\/wp\/v2\/users\/1"}],"replies":[{"embeddable":true,"href":"https:\/\/fedetenismurcia.com\/index.php?rest_route=%2Fwp%2Fv2%2Fcomments&post=11536"}],"version-history":[{"count":0,"href":"https:\/\/fedetenismurcia.com\/index.php?rest_route=\/wp\/v2\/posts\/11536\/revisions"}],"wp:featuredmedia":[{"embeddable":true,"href":"https:\/\/fedetenismurcia.com\/index.php?rest_route=\/wp\/v2\/media\/11520"}],"wp:attachment":[{"href":"https:\/\/fedetenismurcia.com\/index.php?rest_route=%2Fwp%2Fv2%2Fmedia&parent=11536"}],"wp:term":[{"taxonomy":"category","embeddable":true,"href":"https:\/\/fedetenismurcia.com\/index.php?rest_route=%2Fwp%2Fv2%2Fcategories&post=11536"},{"taxonomy":"post_tag","embeddable":true,"href":"https:\/\/fedetenismurcia.com\/index.php?rest_route=%2Fwp%2Fv2%2Ftags&post=11536"}],"curies":[{"name":"wp","href":"https:\/\/api.w.org\/{rel}","templated":true}]}}