{"id":12110,"date":"2026-07-06T10:37:33","date_gmt":"2026-07-06T08:37:33","guid":{"rendered":"https:\/\/fedetenismurcia.com\/?p=12110"},"modified":"2026-07-06T10:38:27","modified_gmt":"2026-07-06T08:38:27","slug":"liga-de-tods-2026-2027","status":"publish","type":"post","link":"https:\/\/fedetenismurcia.com\/?p=12110","title":{"rendered":"LIGA DE TOD@S 2026\/2027"},"content":{"rendered":"[vc_row type=&#8221;in_container&#8221; full_screen_row_position=&#8221;middle&#8221; column_margin=&#8221;default&#8221; column_direction=&#8221;default&#8221; column_direction_tablet=&#8221;default&#8221; column_direction_phone=&#8221;default&#8221; scene_position=&#8221;center&#8221; text_color=&#8221;dark&#8221; text_align=&#8221;left&#8221; row_border_radius=&#8221;none&#8221; row_border_radius_applies=&#8221;bg&#8221; row_position_desktop=&#8221;default&#8221; row_position_tablet=&#8221;inherit&#8221; row_position_phone=&#8221;inherit&#8221; overflow=&#8221;visible&#8221; overlay_strength=&#8221;0.3&#8243; gradient_direction=&#8221;left_to_right&#8221; shape_divider_position=&#8221;bottom&#8221; bg_image_animation=&#8221;none&#8221;][vc_column column_padding=&#8221;no-extra-padding&#8221; column_padding_tablet=&#8221;inherit&#8221; column_padding_phone=&#8221;inherit&#8221; column_padding_position=&#8221;all&#8221; flex_gap_desktop=&#8221;10px&#8221; column_element_direction_desktop=&#8221;default&#8221; column_element_spacing=&#8221;default&#8221; desktop_text_alignment=&#8221;default&#8221; tablet_text_alignment=&#8221;default&#8221; phone_text_alignment=&#8221;default&#8221; background_color_opacity=&#8221;1&#8243; background_hover_color_opacity=&#8221;1&#8243; column_backdrop_filter=&#8221;none&#8221; column_shadow=&#8221;none&#8221; column_border_radius=&#8221;none&#8221; column_link_target=&#8221;_self&#8221; column_position=&#8221;default&#8221; gradient_direction=&#8221;left_to_right&#8221; overlay_strength=&#8221;0.3&#8243; width=&#8221;1\/1&#8243; tablet_width_inherit=&#8221;default&#8221; animation_type=&#8221;default&#8221; bg_image_animation=&#8221;none&#8221; border_type=&#8221;simple&#8221; column_border_width=&#8221;none&#8221; column_border_style=&#8221;solid&#8221;][vc_column_text css=&#8221;&#8221; text_direction=&#8221;default&#8221;]La Federaci\u00f3n de Tenis de la Regi\u00f3n de Murcia, pone en marcha una nueva edici\u00f3n de La Liga de Tod@s. La Liga, incluye todas los niveles de juego, tanto en la categor\u00eda masculino como en la femenina, repartidas en diferentes edades a partir de los 20 a\u00f1os.<\/p>\n<p>La Liga, comenzar\u00e1 a partir del 3 de octubre, pero las inscripciones ya se pueden realizar. La inscripci\u00f3n incluye todos los partidos de la Liga, el Master Final, la licencia federativa para la temporada 2026\/2027, una camiseta, seguro de accidente deportivo y la participaci\u00f3n en el Campeonato Regional Absoluto o Veteranos de la Federaci\u00f3n de Tenis de la Regi\u00f3n de Murcia.<\/p>\n<p>Durante los fines de semana, los partidos de la Liga se pueden disputar en el Polideportivo Jos\u00e9 Barn\u00e9s a coste 0\u20ac y durante la semana de 8 a 15 horas en el Club de Tenis de Algezares existir\u00e1 la posibilidad de reserva de pista de 2 horas de duraci\u00f3n por 10 \u20ac.<\/p>\n<p>Este a\u00f1o, ponemos en marcha el Derby de la Liga, que enfrentar\u00e1 a las zonas de Cartagena y Murcia bajo la selecci\u00f3n de jugadores de los capitanes de ambas zonas.<\/p>\n<p>Informaci\u00f3n e inscripci\u00f3n de la Liga: <a href=\"https:\/\/fedetenismurcia.com\/la-liga-de-todos\/\" target=\"_blank\" rel=\"noopener\">https:\/\/fedetenismurcia.com\/la-liga-de-todos\/<\/a><\/p>\n<p><a href=\"https:\/\/fedetenismurcia.com\/wp-content\/uploads\/2026\/07\/cartel-liga-de-tod@s-2026.jpg\" target=\"_blank\" rel=\"noopener\"><img loading=\"lazy\" decoding=\"async\" class=\"aligncenter wp-image-12065 size-medium\" src=\"https:\/\/fedetenismurcia.com\/wp-content\/uploads\/2026\/07\/cartel-liga-de-tod@s-2026-212x300.jpg\" alt=\"\" width=\"212\" height=\"300\" srcset=\"https:\/\/fedetenismurcia.com\/wp-content\/uploads\/2026\/07\/cartel-liga-de-tod@s-2026-212x300.jpg 212w, https:\/\/fedetenismurcia.com\/wp-content\/uploads\/2026\/07\/cartel-liga-de-tod@s-2026-724x1024.jpg 724w, https:\/\/fedetenismurcia.com\/wp-content\/uploads\/2026\/07\/cartel-liga-de-tod@s-2026-768x1086.jpg 768w, https:\/\/fedetenismurcia.com\/wp-content\/uploads\/2026\/07\/cartel-liga-de-tod@s-2026-1086x1536.jpg 1086w, https:\/\/fedetenismurcia.com\/wp-content\/uploads\/2026\/07\/cartel-liga-de-tod@s-2026.jpg 1131w\" sizes=\"auto, (max-width: 212px) 100vw, 212px\" \/><\/a>[\/vc_column_text][\/vc_column][\/vc_row]\n","protected":false},"excerpt":{"rendered":"<p>[vc_row type=&#8221;in_container&#8221; full_screen_row_position=&#8221;middle&#8221; column_margin=&#8221;default&#8221; column_direction=&#8221;default&#8221; column_direction_tablet=&#8221;default&#8221; column_direction_phone=&#8221;default&#8221; scene_position=&#8221;center&#8221; text_color=&#8221;dark&#8221; text_align=&#8221;left&#8221; row_border_radius=&#8221;none&#8221; row_border_radius_applies=&#8221;bg&#8221; row_position_desktop=&#8221;default&#8221; row_position_tablet=&#8221;inherit&#8221; row_position_phone=&#8221;inherit&#8221; overflow=&#8221;visible&#8221; overlay_strength=&#8221;0.3&#8243; gradient_direction=&#8221;left_to_right&#8221; shape_divider_position=&#8221;bottom&#8221; bg_image_animation=&#8221;none&#8221;][vc_column column_padding=&#8221;no-extra-padding&#8221; column_padding_tablet=&#8221;inherit&#8221; column_padding_phone=&#8221;inherit&#8221; column_padding_position=&#8221;all&#8221; flex_gap_desktop=&#8221;10px&#8221; column_element_direction_desktop=&#8221;default&#8221; column_element_spacing=&#8221;default&#8221; desktop_text_alignment=&#8221;default&#8221; tablet_text_alignment=&#8221;default&#8221; phone_text_alignment=&#8221;default&#8221;&#8230;<\/p>\n","protected":false},"author":1,"featured_media":12065,"comment_status":"closed","ping_status":"closed","sticky":false,"template":"","format":"standard","meta":{"footnotes":""},"categories":[45],"tags":[],"class_list":["post-12110","post","type-post","status-publish","format-standard","has-post-thumbnail","category-la-liga-de-todos"],"featured_media_src":"https:\/\/fedetenismurcia.com\/wp-content\/uploads\/2026\/07\/cartel-liga-de-tod@s-2026-724x1024.jpg","excerpt_plain":"[vc_row type=&#8221;in_container&#8221; full_screen_row_position=&#8221;middle&#8221; column_margin=&#8221;default&#8221; column_direction=&#8221;default&#8221; column_direction_tablet=&#8221;default&#8221; column_direction_phone=&#8221;default&#8221; scene_position=&#8221;center&#8221; text_color=&#8221;dark&#8221; text_align=&#8221;left&#8221; row_border_radius=&#8221;none&#8221; row_border_radius_applies=&#8221;bg&#8221; row_position_desktop=&#8221;default&#8221; row_position_tablet=&#8221;inherit&#8221; row_position_phone=&#8221;inherit&#8221; overflow=&#8221;visible&#8221; overlay_strength=&#8221;0.3&#8243; gradient_direction=&#8221;left_to_right&#8221; shape_divider_position=&#8221;bottom&#8221; bg_image_animation=&#8221;none&#8221;][vc_column...","_links":{"self":[{"href":"https:\/\/fedetenismurcia.com\/index.php?rest_route=\/wp\/v2\/posts\/12110","targetHints":{"allow":["GET"]}}],"collection":[{"href":"https:\/\/fedetenismurcia.com\/index.php?rest_route=\/wp\/v2\/posts"}],"about":[{"href":"https:\/\/fedetenismurcia.com\/index.php?rest_route=\/wp\/v2\/types\/post"}],"author":[{"embeddable":true,"href":"https:\/\/fedetenismurcia.com\/index.php?rest_route=\/wp\/v2\/users\/1"}],"replies":[{"embeddable":true,"href":"https:\/\/fedetenismurcia.com\/index.php?rest_route=%2Fwp%2Fv2%2Fcomments&post=12110"}],"version-history":[{"count":0,"href":"https:\/\/fedetenismurcia.com\/index.php?rest_route=\/wp\/v2\/posts\/12110\/revisions"}],"wp:featuredmedia":[{"embeddable":true,"href":"https:\/\/fedetenismurcia.com\/index.php?rest_route=\/wp\/v2\/media\/12065"}],"wp:attachment":[{"href":"https:\/\/fedetenismurcia.com\/index.php?rest_route=%2Fwp%2Fv2%2Fmedia&parent=12110"}],"wp:term":[{"taxonomy":"category","embeddable":true,"href":"https:\/\/fedetenismurcia.com\/index.php?rest_route=%2Fwp%2Fv2%2Fcategories&post=12110"},{"taxonomy":"post_tag","embeddable":true,"href":"https:\/\/fedetenismurcia.com\/index.php?rest_route=%2Fwp%2Fv2%2Ftags&post=12110"}],"curies":[{"name":"wp","href":"https:\/\/api.w.org\/{rel}","templated":true}]}}