{"id":12114,"date":"2026-07-06T10:44:27","date_gmt":"2026-07-06T08:44:27","guid":{"rendered":"https:\/\/fedetenismurcia.com\/?p=12114"},"modified":"2026-07-06T10:45:09","modified_gmt":"2026-07-06T08:45:09","slug":"nuevo-liga-next-gen","status":"publish","type":"post","link":"https:\/\/fedetenismurcia.com\/?p=12114","title":{"rendered":"NUEVO LIGA NEXT GEN"},"content":{"rendered":"[vc_row type=&#8221;in_container&#8221; full_screen_row_position=&#8221;middle&#8221; column_margin=&#8221;default&#8221; column_direction=&#8221;default&#8221; column_direction_tablet=&#8221;default&#8221; column_direction_phone=&#8221;default&#8221; scene_position=&#8221;center&#8221; text_color=&#8221;dark&#8221; text_align=&#8221;left&#8221; row_border_radius=&#8221;none&#8221; row_border_radius_applies=&#8221;bg&#8221; row_position_desktop=&#8221;default&#8221; row_position_tablet=&#8221;inherit&#8221; row_position_phone=&#8221;inherit&#8221; overflow=&#8221;visible&#8221; overlay_strength=&#8221;0.3&#8243; gradient_direction=&#8221;left_to_right&#8221; shape_divider_position=&#8221;bottom&#8221; bg_image_animation=&#8221;none&#8221;][vc_column column_padding=&#8221;no-extra-padding&#8221; column_padding_tablet=&#8221;inherit&#8221; column_padding_phone=&#8221;inherit&#8221; column_padding_position=&#8221;all&#8221; flex_gap_desktop=&#8221;10px&#8221; column_element_direction_desktop=&#8221;default&#8221; column_element_spacing=&#8221;default&#8221; desktop_text_alignment=&#8221;default&#8221; tablet_text_alignment=&#8221;default&#8221; phone_text_alignment=&#8221;default&#8221; background_color_opacity=&#8221;1&#8243; background_hover_color_opacity=&#8221;1&#8243; column_backdrop_filter=&#8221;none&#8221; column_shadow=&#8221;none&#8221; column_border_radius=&#8221;none&#8221; column_link_target=&#8221;_self&#8221; column_position=&#8221;default&#8221; gradient_direction=&#8221;left_to_right&#8221; overlay_strength=&#8221;0.3&#8243; width=&#8221;1\/1&#8243; tablet_width_inherit=&#8221;default&#8221; animation_type=&#8221;default&#8221; bg_image_animation=&#8221;none&#8221; border_type=&#8221;simple&#8221; column_border_width=&#8221;none&#8221; column_border_style=&#8221;solid&#8221;][vc_column_text css=&#8221;&#8221; text_direction=&#8221;default&#8221;]Nace una nueva Liga: NEXT GEN.<\/p>\n<p>La Federaci\u00f3n de Tenis de la Regi\u00f3n de Murcia, pone en marcha una nueva liga dirigida a todos los jugadores\/as entre los 15 y los 20 a\u00f1os de edad. La Liga Next Gen, nace con el objetivo de que el jugador\/a a partir de los 15 a\u00f1os pueda seguir compitiendo y disfrutando del tenis. La Liga Next Gen tiene varios niveles de juego tanto en la categor\u00eda femenina como en la masculina. Servir\u00e1 tambi\u00e9n para mejorar tu ranking y poder jugar con todos los jugadores\/as de la Regi\u00f3n.<\/p>\n<p>La inscripci\u00f3n incluye todos los partidos de la Liga, el Master Final, la licencia federativa para la temporada 2026\/2027, una camiseta, seguro de accidente deportivo y la participaci\u00f3n en el Campeonato Regional Absoluto o Veteranos de la Federaci\u00f3n de Tenis de la Regi\u00f3n de Murcia.<\/p>\n<p>Durante los fines de semana, los partidos de la Liga se pueden disputar en el Polideportivo Jos\u00e9 Barn\u00e9s a coste 0\u20ac y durante la semana de 8 a 15 horas en el Club de Tenis de Algezares existir\u00e1 la posibilidad de reserva de pista de 2 horas de duraci\u00f3n por 10 \u20ac.<\/p>\n<p>Informaci\u00f3n e inscripci\u00f3n de la Liga:\u00a0<a href=\"https:\/\/fedetenismurcia.com\/la-liga-de-todos\/\" target=\"_blank\" rel=\"noopener\">https:\/\/fedetenismurcia.com\/la-liga-de-todos\/<\/a><\/p>\n<p><a href=\"https:\/\/fedetenismurcia.com\/wp-content\/uploads\/2026\/07\/cartel-liga-de-tod@s-2026-NEXT-GEN-2.jpg\" target=\"_blank\" rel=\"noopener\"><img loading=\"lazy\" decoding=\"async\" class=\"aligncenter wp-image-12068 size-medium\" src=\"https:\/\/fedetenismurcia.com\/wp-content\/uploads\/2026\/07\/cartel-liga-de-tod@s-2026-NEXT-GEN-2-212x300.jpg\" alt=\"\" width=\"212\" height=\"300\" srcset=\"https:\/\/fedetenismurcia.com\/wp-content\/uploads\/2026\/07\/cartel-liga-de-tod@s-2026-NEXT-GEN-2-212x300.jpg 212w, https:\/\/fedetenismurcia.com\/wp-content\/uploads\/2026\/07\/cartel-liga-de-tod@s-2026-NEXT-GEN-2-724x1024.jpg 724w, https:\/\/fedetenismurcia.com\/wp-content\/uploads\/2026\/07\/cartel-liga-de-tod@s-2026-NEXT-GEN-2-768x1086.jpg 768w, https:\/\/fedetenismurcia.com\/wp-content\/uploads\/2026\/07\/cartel-liga-de-tod@s-2026-NEXT-GEN-2-1086x1536.jpg 1086w, https:\/\/fedetenismurcia.com\/wp-content\/uploads\/2026\/07\/cartel-liga-de-tod@s-2026-NEXT-GEN-2.jpg 1131w\" sizes=\"auto, (max-width: 212px) 100vw, 212px\" \/><\/a>[\/vc_column_text][\/vc_column][\/vc_row]\n","protected":false},"excerpt":{"rendered":"<p>[vc_row type=&#8221;in_container&#8221; full_screen_row_position=&#8221;middle&#8221; column_margin=&#8221;default&#8221; column_direction=&#8221;default&#8221; column_direction_tablet=&#8221;default&#8221; column_direction_phone=&#8221;default&#8221; scene_position=&#8221;center&#8221; text_color=&#8221;dark&#8221; text_align=&#8221;left&#8221; row_border_radius=&#8221;none&#8221; row_border_radius_applies=&#8221;bg&#8221; row_position_desktop=&#8221;default&#8221; row_position_tablet=&#8221;inherit&#8221; row_position_phone=&#8221;inherit&#8221; overflow=&#8221;visible&#8221; overlay_strength=&#8221;0.3&#8243; gradient_direction=&#8221;left_to_right&#8221; shape_divider_position=&#8221;bottom&#8221; bg_image_animation=&#8221;none&#8221;][vc_column column_padding=&#8221;no-extra-padding&#8221; column_padding_tablet=&#8221;inherit&#8221; column_padding_phone=&#8221;inherit&#8221; column_padding_position=&#8221;all&#8221; flex_gap_desktop=&#8221;10px&#8221; column_element_direction_desktop=&#8221;default&#8221; column_element_spacing=&#8221;default&#8221; desktop_text_alignment=&#8221;default&#8221; tablet_text_alignment=&#8221;default&#8221; phone_text_alignment=&#8221;default&#8221;&#8230;<\/p>\n","protected":false},"author":1,"featured_media":12068,"comment_status":"closed","ping_status":"closed","sticky":false,"template":"","format":"standard","meta":{"footnotes":""},"categories":[45],"tags":[],"class_list":["post-12114","post","type-post","status-publish","format-standard","has-post-thumbnail","category-la-liga-de-todos"],"featured_media_src":"https:\/\/fedetenismurcia.com\/wp-content\/uploads\/2026\/07\/cartel-liga-de-tod@s-2026-NEXT-GEN-2-724x1024.jpg","excerpt_plain":"[vc_row type=&#8221;in_container&#8221; full_screen_row_position=&#8221;middle&#8221; column_margin=&#8221;default&#8221; column_direction=&#8221;default&#8221; column_direction_tablet=&#8221;default&#8221; column_direction_phone=&#8221;default&#8221; scene_position=&#8221;center&#8221; text_color=&#8221;dark&#8221; text_align=&#8221;left&#8221; row_border_radius=&#8221;none&#8221; row_border_radius_applies=&#8221;bg&#8221; row_position_desktop=&#8221;default&#8221; row_position_tablet=&#8221;inherit&#8221; row_position_phone=&#8221;inherit&#8221; overflow=&#8221;visible&#8221; overlay_strength=&#8221;0.3&#8243; gradient_direction=&#8221;left_to_right&#8221; shape_divider_position=&#8221;bottom&#8221; bg_image_animation=&#8221;none&#8221;][vc_column...","_links":{"self":[{"href":"https:\/\/fedetenismurcia.com\/index.php?rest_route=\/wp\/v2\/posts\/12114","targetHints":{"allow":["GET"]}}],"collection":[{"href":"https:\/\/fedetenismurcia.com\/index.php?rest_route=\/wp\/v2\/posts"}],"about":[{"href":"https:\/\/fedetenismurcia.com\/index.php?rest_route=\/wp\/v2\/types\/post"}],"author":[{"embeddable":true,"href":"https:\/\/fedetenismurcia.com\/index.php?rest_route=\/wp\/v2\/users\/1"}],"replies":[{"embeddable":true,"href":"https:\/\/fedetenismurcia.com\/index.php?rest_route=%2Fwp%2Fv2%2Fcomments&post=12114"}],"version-history":[{"count":0,"href":"https:\/\/fedetenismurcia.com\/index.php?rest_route=\/wp\/v2\/posts\/12114\/revisions"}],"wp:featuredmedia":[{"embeddable":true,"href":"https:\/\/fedetenismurcia.com\/index.php?rest_route=\/wp\/v2\/media\/12068"}],"wp:attachment":[{"href":"https:\/\/fedetenismurcia.com\/index.php?rest_route=%2Fwp%2Fv2%2Fmedia&parent=12114"}],"wp:term":[{"taxonomy":"category","embeddable":true,"href":"https:\/\/fedetenismurcia.com\/index.php?rest_route=%2Fwp%2Fv2%2Fcategories&post=12114"},{"taxonomy":"post_tag","embeddable":true,"href":"https:\/\/fedetenismurcia.com\/index.php?rest_route=%2Fwp%2Fv2%2Ftags&post=12114"}],"curies":[{"name":"wp","href":"https:\/\/api.w.org\/{rel}","templated":true}]}}