{"id":1397,"date":"2020-07-29T12:27:53","date_gmt":"2020-07-29T10:27:53","guid":{"rendered":"https:\/\/fedetenismurcia.com\/?p=1397"},"modified":"2020-08-02T10:01:53","modified_gmt":"2020-08-02T08:01:53","slug":"la-federacion-de-tenis-celebrar-asamblea-general-ordinaria-y-extraordinaria","status":"publish","type":"post","link":"https:\/\/fedetenismurcia.com\/?p=1397","title":{"rendered":"La Federaci\u00f3n de Tenis celebra su Asamblea General Ordinaria y Extraordinaria"},"content":{"rendered":"\n<p>La Federaci\u00f3n de Tenis de la Regi\u00f3n de Murcia ha celebrado la Asamblea General Ordinaria para cerrar el ejercicio deportivo y econ\u00f3mico del a\u00f1o 2019 y presentar los presupuestos del a\u00f1o 2020. El ejercicio 2019 se cerr\u00f3 con un saldo favorable para la Federaci\u00f3n. El ejercicio 2020, estar\u00e1 marcado por la evoluci\u00f3n del Covid19 y su afectaci\u00f3n en la organizaci\u00f3n de eventos deportivos, licencias y puesta en marcha de la escuela de tenis. La Asamblea aprob\u00f3 tambi\u00e9n ayudas en material deportivo a los clubes para favorecer el inicio de las escuelas de tenis a partir del mes de septiembre. Tambi\u00e9n se aprob\u00f3 en dicha Asamblea los nuevos requisitos de acceso para los deportistas de alto nivel regional.<\/p>\n<p>A continuaci\u00f3n se celebr\u00f3 la Asamblea General Extraordinaria para la aprobaci\u00f3n de la Junta Electoral Federal y del calendario electoral para las elecciones a Presidente de la Federaci\u00f3n de Tenis de la Regi\u00f3n de Murcia.\u00a0<\/p>\n<p>Ambas asambleas se celebraron el martes 28 de Julio en las instalaciones de la Real Sociedad Club de Campo de Murcia.\u00a0<\/p>\n\n\n\n<figure class=\"wp-block-image size-large\"><img decoding=\"async\" src=\"https:\/\/fedetenismurcia.com\/wp-content\/uploads\/2020\/documentos\/institucional\/asamblea%202020\/foto%20de%20grupo%20asamblea%202020.jpg?_t=1596018800\" alt=\"\"\/><figcaption>Asistentes a la Asamblea General Ordinaria y Extraordinaria de la FTRM <\/figcaption><\/figure>\n","protected":false},"excerpt":{"rendered":"La Federaci\u00f3n de Tenis de la Regi\u00f3n de Murcia ha celebrado la Asamblea General Ordinaria para cerrar el ejercicio deportivo y econ\u00f3mico del a\u00f1o 2019 y presentar los presupuestos del...","protected":false},"author":1,"featured_media":0,"comment_status":"closed","ping_status":"open","sticky":false,"template":"","format":"standard","meta":{"footnotes":""},"categories":[38],"tags":[],"class_list":["post-1397","post","type-post","status-publish","format-standard","category-institucional"],"featured_media_src":null,"excerpt_plain":"La Federaci\u00f3n de Tenis de la Regi\u00f3n de Murcia ha celebrado la Asamblea General Ordinaria para cerrar el ejercicio deportivo...","_links":{"self":[{"href":"https:\/\/fedetenismurcia.com\/index.php?rest_route=\/wp\/v2\/posts\/1397","targetHints":{"allow":["GET"]}}],"collection":[{"href":"https:\/\/fedetenismurcia.com\/index.php?rest_route=\/wp\/v2\/posts"}],"about":[{"href":"https:\/\/fedetenismurcia.com\/index.php?rest_route=\/wp\/v2\/types\/post"}],"author":[{"embeddable":true,"href":"https:\/\/fedetenismurcia.com\/index.php?rest_route=\/wp\/v2\/users\/1"}],"replies":[{"embeddable":true,"href":"https:\/\/fedetenismurcia.com\/index.php?rest_route=%2Fwp%2Fv2%2Fcomments&post=1397"}],"version-history":[{"count":0,"href":"https:\/\/fedetenismurcia.com\/index.php?rest_route=\/wp\/v2\/posts\/1397\/revisions"}],"wp:attachment":[{"href":"https:\/\/fedetenismurcia.com\/index.php?rest_route=%2Fwp%2Fv2%2Fmedia&parent=1397"}],"wp:term":[{"taxonomy":"category","embeddable":true,"href":"https:\/\/fedetenismurcia.com\/index.php?rest_route=%2Fwp%2Fv2%2Fcategories&post=1397"},{"taxonomy":"post_tag","embeddable":true,"href":"https:\/\/fedetenismurcia.com\/index.php?rest_route=%2Fwp%2Fv2%2Ftags&post=1397"}],"curies":[{"name":"wp","href":"https:\/\/api.w.org\/{rel}","templated":true}]}}