{"id":1481,"date":"2020-08-20T09:06:55","date_gmt":"2020-08-20T07:06:55","guid":{"rendered":"https:\/\/fedetenismurcia.com\/?p=1481"},"modified":"2020-08-21T13:46:40","modified_gmt":"2020-08-21T11:46:40","slug":"entrevista-al-presidente-de-la-federacion-de-tenis-de-la-region-de-murcia-en-el-diario-la-opinion","status":"publish","type":"post","link":"https:\/\/fedetenismurcia.com\/?p=1481","title":{"rendered":"Entrevista al Presidente de la Federaci\u00f3n de Tenis de la Regi\u00f3n de Murcia en el Diario La Opini\u00f3n y en Onda Regional"},"content":{"rendered":"\n\n\n<p>El Diario La Opini\u00f3n de Murcia, publica una entrevista al Presidente de la Federaci\u00f3n de Tenis de la Regi\u00f3n de Murcia. <a href=\"https:\/\/www.laopiniondemurcia.es\/deportes\/2020\/08\/20\/jose-alcolea-volvera-candidato-presidencia\/1138497.html\" target=\"_blank\" rel=\"noopener noreferrer\">Entrevista<\/a><\/p>\n<p>Tambi\u00e9n la emisora Onda Regional ha entrevistado a D. Jos\u00e9 Alcolea Heras. <a href=\"https:\/\/www.orm.es\/deportes\/deportes-2020\/jose-alcolea-34-la-actividad-es-minima-en-los-clubes-de-tenis-y-muchos-de-ellos-estan-en-una-situacion-muy-precaria-34\/\" target=\"_blank\" rel=\"noopener noreferrer\">Entrevista.<\/a><\/p>\n\n\n\n<p class=\"wp-block-paragraph\"><\/p>\n","protected":false},"excerpt":{"rendered":"El Diario La Opini\u00f3n de Murcia, publica una entrevista al Presidente de la Federaci\u00f3n de Tenis de la Regi\u00f3n de Murcia. Entrevista Tambi\u00e9n la emisora Onda Regional ha entrevistado a...","protected":false},"author":1,"featured_media":0,"comment_status":"closed","ping_status":"open","sticky":false,"template":"","format":"standard","meta":{"footnotes":""},"categories":[38],"tags":[],"class_list":["post-1481","post","type-post","status-publish","format-standard","category-institucional"],"featured_media_src":null,"excerpt_plain":"El Diario La Opini\u00f3n de Murcia, publica una entrevista al Presidente de la Federaci\u00f3n de Tenis de la Regi\u00f3n de...","_links":{"self":[{"href":"https:\/\/fedetenismurcia.com\/index.php?rest_route=\/wp\/v2\/posts\/1481","targetHints":{"allow":["GET"]}}],"collection":[{"href":"https:\/\/fedetenismurcia.com\/index.php?rest_route=\/wp\/v2\/posts"}],"about":[{"href":"https:\/\/fedetenismurcia.com\/index.php?rest_route=\/wp\/v2\/types\/post"}],"author":[{"embeddable":true,"href":"https:\/\/fedetenismurcia.com\/index.php?rest_route=\/wp\/v2\/users\/1"}],"replies":[{"embeddable":true,"href":"https:\/\/fedetenismurcia.com\/index.php?rest_route=%2Fwp%2Fv2%2Fcomments&post=1481"}],"version-history":[{"count":0,"href":"https:\/\/fedetenismurcia.com\/index.php?rest_route=\/wp\/v2\/posts\/1481\/revisions"}],"wp:attachment":[{"href":"https:\/\/fedetenismurcia.com\/index.php?rest_route=%2Fwp%2Fv2%2Fmedia&parent=1481"}],"wp:term":[{"taxonomy":"category","embeddable":true,"href":"https:\/\/fedetenismurcia.com\/index.php?rest_route=%2Fwp%2Fv2%2Fcategories&post=1481"},{"taxonomy":"post_tag","embeddable":true,"href":"https:\/\/fedetenismurcia.com\/index.php?rest_route=%2Fwp%2Fv2%2Ftags&post=1481"}],"curies":[{"name":"wp","href":"https:\/\/api.w.org\/{rel}","templated":true}]}}