{"id":1519,"date":"2020-08-29T10:07:42","date_gmt":"2020-08-29T08:07:42","guid":{"rendered":"https:\/\/fedetenismurcia.com\/?p=1519"},"modified":"2020-08-29T10:07:42","modified_gmt":"2020-08-29T08:07:42","slug":"ariana-geerlins-y-rafael-segado-semifinalistas-del-campeonato-de-espana-cadete","status":"publish","type":"post","link":"https:\/\/fedetenismurcia.com\/?p=1519","title":{"rendered":"Ariana Geerlins y Rafael Segado, semifinalistas del Campeonato de Espa\u00f1a Cadete"},"content":{"rendered":"\n<p class=\"wp-block-paragraph\">Los jugadores Ariana Geerlins Mart\u00ednez y Rafael Segado Esteve han alcanzado las semifinales del Campeonato de Espa\u00f1a Cadete en este a\u00f1o 2020. Ariana, que es jugadora cadete de primer a\u00f1o, gan\u00f3 a la cabeza de serie n\u00famero dos del campeonato y cedi\u00f3 en las semifinales por tres sets ante la jugadora Meritxell Boix por 16 61 64. Rafael Segado, que es jugador de infantil de segundo a\u00f1o, alcanz\u00f3 las semifinales eliminando a los cabezas de serie cuatro y seis, y cedi\u00f3 las semifinales en dos sets por 16 36 ante uno de los favoritos para proclamarse Campeonato de Espa\u00f1a Cadete, Daniel M\u00e9rida.  <\/p>\n\n\n\n<p class=\"wp-block-paragraph\">La Federaci\u00f3n de Tenis de la Regi\u00f3n de Murcia ya tuvo la semana anterior con la jugadora aguile\u00f1a Alba Rey Garc\u00eda otras semifinales en el Campeonato de Espa\u00f1a Junior. Ya son tres las semifinales obtenidas a la espera del Campeonato de Espa\u00f1a Infantil que comienza a partir del lunes 31 de Agosto en Madrid. <\/p>\n\n\n\n<figure class=\"wp-block-image size-large\"><img decoding=\"async\" src=\"https:\/\/fedetenismurcia.com\/wp-content\/uploads\/2020\/documentos\/imagenes\/jugadores\/segado%20.jpg?_t=1598687958\" alt=\"\"\/><figcaption>Rafael Segado en el Campeonato de Espa\u00f1a Cadete<\/figcaption><\/figure>\n","protected":false},"excerpt":{"rendered":"<p>Los jugadores Ariana Geerlins Mart\u00ednez y Rafael Segado Esteve han alcanzado las semifinales del Campeonato de Espa\u00f1a Cadete en este a\u00f1o 2020. Ariana, que es jugadora cadete de primer a\u00f1o,&#8230;<\/p>\n","protected":false},"author":1,"featured_media":0,"comment_status":"closed","ping_status":"open","sticky":false,"template":"","format":"standard","meta":{"footnotes":""},"categories":[41],"tags":[],"class_list":["post-1519","post","type-post","status-publish","format-standard","category-resultados-jugadores"],"featured_media_src":null,"excerpt_plain":"Los jugadores Ariana Geerlins Mart\u00ednez y Rafael Segado Esteve han alcanzado las semifinales del Campeonato de Espa\u00f1a Cadete en este...","_links":{"self":[{"href":"https:\/\/fedetenismurcia.com\/index.php?rest_route=\/wp\/v2\/posts\/1519","targetHints":{"allow":["GET"]}}],"collection":[{"href":"https:\/\/fedetenismurcia.com\/index.php?rest_route=\/wp\/v2\/posts"}],"about":[{"href":"https:\/\/fedetenismurcia.com\/index.php?rest_route=\/wp\/v2\/types\/post"}],"author":[{"embeddable":true,"href":"https:\/\/fedetenismurcia.com\/index.php?rest_route=\/wp\/v2\/users\/1"}],"replies":[{"embeddable":true,"href":"https:\/\/fedetenismurcia.com\/index.php?rest_route=%2Fwp%2Fv2%2Fcomments&post=1519"}],"version-history":[{"count":0,"href":"https:\/\/fedetenismurcia.com\/index.php?rest_route=\/wp\/v2\/posts\/1519\/revisions"}],"wp:attachment":[{"href":"https:\/\/fedetenismurcia.com\/index.php?rest_route=%2Fwp%2Fv2%2Fmedia&parent=1519"}],"wp:term":[{"taxonomy":"category","embeddable":true,"href":"https:\/\/fedetenismurcia.com\/index.php?rest_route=%2Fwp%2Fv2%2Fcategories&post=1519"},{"taxonomy":"post_tag","embeddable":true,"href":"https:\/\/fedetenismurcia.com\/index.php?rest_route=%2Fwp%2Fv2%2Ftags&post=1519"}],"curies":[{"name":"wp","href":"https:\/\/api.w.org\/{rel}","templated":true}]}}