{"id":1541,"date":"2020-09-05T19:07:20","date_gmt":"2020-09-05T17:07:20","guid":{"rendered":"https:\/\/fedetenismurcia.com\/?p=1541"},"modified":"2020-09-05T19:11:01","modified_gmt":"2020-09-05T17:11:01","slug":"rafael-segado-esteve-campeon-de-espana-infantil","status":"publish","type":"post","link":"https:\/\/fedetenismurcia.com\/?p=1541","title":{"rendered":"Rafael Segado Esteve, Campe\u00f3n de Espa\u00f1a Infantil"},"content":{"rendered":"\n<p class=\"wp-block-paragraph\">Rafael Segado, ha conseguido un nuevo t\u00edtulo de Campe\u00f3n de Espa\u00f1a al proclamarse Campe\u00f3n de Espa\u00f1a Infantil en el torneo que se ha celebrado en el Club de Campo Villa de Madrid. El jugador que part\u00eda como cabeza de serie n\u00famero tres del torneo, no ha cedido un set durante el torneo y se impuso con facilidad en la final al jugador Sergio Planella con un resultado de 62 61. Rafael Segado, ya ven\u00eda la semana anterior de proclamarse semifinalista del Campeonato de Espa\u00f1a Cadete. Sin duda un nuevo \u00e9xito en su palmar\u00e9s y que a buen seguro seguir\u00e1 creciendo.<\/p>\n\n\n\n<p class=\"wp-block-paragraph\">Los jugadores de la Federaci\u00f3n de Tenis de la Regi\u00f3n de Murcia han tenido una brillante representaci\u00f3n en los Campeonatos de Espa\u00f1a Juveniles en este a\u00f1o 2020, alcanzando adem\u00e1s del brillante resultado conseguido por Rafael Segado, unos cuartos de final en el Campeonato de Espa\u00f1a Infantil (Pablo Mart\u00ednez G\u00f3mez), unos cuartos de final en el Campeonato de Espa\u00f1a Cadete (Mar\u00eda Paredes P\u00e9rez) y unas semifinales en el Campeonato de Espa\u00f1a Cadete (Ariana Geerlins Mart\u00ednez). <\/p>\n\n\n\n<div class=\"wp-block-image\"><figure class=\"aligncenter size-large is-resized\"><img loading=\"lazy\" decoding=\"async\" src=\"https:\/\/fedetenismurcia.com\/wp-content\/uploads\/2020\/documentos\/imagenes\/jugadores\/rafa%20segado_campeon%20espa%C3%B1a%20infantil%202020.jpg?_t=1599324880\" alt=\"\" width=\"372\" height=\"632\"\/><\/figure><\/div>\n","protected":false},"excerpt":{"rendered":"<p>Rafael Segado, ha conseguido un nuevo t\u00edtulo de Campe\u00f3n de Espa\u00f1a al proclamarse Campe\u00f3n de Espa\u00f1a Infantil en el torneo que se ha celebrado en el Club de Campo Villa&#8230;<\/p>\n","protected":false},"author":1,"featured_media":0,"comment_status":"closed","ping_status":"open","sticky":false,"template":"","format":"standard","meta":{"footnotes":""},"categories":[41],"tags":[],"class_list":["post-1541","post","type-post","status-publish","format-standard","category-resultados-jugadores"],"featured_media_src":null,"excerpt_plain":"Rafael Segado, ha conseguido un nuevo t\u00edtulo de Campe\u00f3n de Espa\u00f1a al proclamarse Campe\u00f3n de Espa\u00f1a Infantil en el torneo...","_links":{"self":[{"href":"https:\/\/fedetenismurcia.com\/index.php?rest_route=\/wp\/v2\/posts\/1541","targetHints":{"allow":["GET"]}}],"collection":[{"href":"https:\/\/fedetenismurcia.com\/index.php?rest_route=\/wp\/v2\/posts"}],"about":[{"href":"https:\/\/fedetenismurcia.com\/index.php?rest_route=\/wp\/v2\/types\/post"}],"author":[{"embeddable":true,"href":"https:\/\/fedetenismurcia.com\/index.php?rest_route=\/wp\/v2\/users\/1"}],"replies":[{"embeddable":true,"href":"https:\/\/fedetenismurcia.com\/index.php?rest_route=%2Fwp%2Fv2%2Fcomments&post=1541"}],"version-history":[{"count":0,"href":"https:\/\/fedetenismurcia.com\/index.php?rest_route=\/wp\/v2\/posts\/1541\/revisions"}],"wp:attachment":[{"href":"https:\/\/fedetenismurcia.com\/index.php?rest_route=%2Fwp%2Fv2%2Fmedia&parent=1541"}],"wp:term":[{"taxonomy":"category","embeddable":true,"href":"https:\/\/fedetenismurcia.com\/index.php?rest_route=%2Fwp%2Fv2%2Fcategories&post=1541"},{"taxonomy":"post_tag","embeddable":true,"href":"https:\/\/fedetenismurcia.com\/index.php?rest_route=%2Fwp%2Fv2%2Ftags&post=1541"}],"curies":[{"name":"wp","href":"https:\/\/api.w.org\/{rel}","templated":true}]}}