{"id":1556,"date":"2020-09-09T07:28:48","date_gmt":"2020-09-09T05:28:48","guid":{"rendered":"https:\/\/fedetenismurcia.com\/?p=1556"},"modified":"2020-09-09T07:30:30","modified_gmt":"2020-09-09T05:30:30","slug":"comienza-el-campeonato-de-espana-de-comunidades-autonomas-infantil","status":"publish","type":"post","link":"https:\/\/fedetenismurcia.com\/?p=1556","title":{"rendered":"Comienza el Campeonato de Espa\u00f1a de Comunidades Aut\u00f3nomas Infantil"},"content":{"rendered":"\n<p class=\"wp-block-paragraph\">La Federaci\u00f3n de Tenis de la Regi\u00f3n de Murcia, ha presentado sus equipos masculino y femenino para disputar el Campeonato de Espa\u00f1a Infantil de Comunidades Aut\u00f3nomas.<\/p>\n\n\n\n<p class=\"wp-block-paragraph\">El equipo femenino est\u00e1 compuesto por Alba Roche, Olimpia Ru\u00edz y Nuria Mart\u00ednez.<\/p>\n\n\n\n<p class=\"wp-block-paragraph\">El equipo masculino est\u00e1 compuesto por Rafael Segado, Pablo Mart\u00ednez y Sergio L\u00f3pez.<\/p>\n\n\n\n<p class=\"wp-block-paragraph\">Como capit\u00e1n de los equipos est\u00e1 el t\u00e9cnico de la Federaci\u00f3n de Tenis de la Regi\u00f3n de Murcia, Jorge Garc\u00eda.<\/p>\n\n\n\n<p class=\"wp-block-paragraph\">El Campeonato se tendr\u00e1 lugar entre el 8 y el 11 de septiembre. La Federaci\u00f3n de Murcia ya se proclam\u00f3 Campe\u00f3n de Espa\u00f1a Infantil de Comunidades Aut\u00f3nomas en el a\u00f1o 2017 en el equipo formado por Diego Navarro, Fernando P\u00e9rez-Rodenas y Carlos Alcaraz<\/p>\n","protected":false},"excerpt":{"rendered":"<p>La Federaci\u00f3n de Tenis de la Regi\u00f3n de Murcia, ha presentado sus equipos masculino y femenino para disputar el Campeonato de Espa\u00f1a Infantil de Comunidades Aut\u00f3nomas. El equipo femenino est\u00e1&#8230;<\/p>\n","protected":false},"author":1,"featured_media":0,"comment_status":"closed","ping_status":"open","sticky":false,"template":"","format":"standard","meta":{"footnotes":""},"categories":[39,41,1],"tags":[],"class_list":["post-1556","post","type-post","status-publish","format-standard","category-regionales-juveniles-por-equipos","category-resultados-jugadores","category-sin-categoria"],"featured_media_src":null,"excerpt_plain":"La Federaci\u00f3n de Tenis de la Regi\u00f3n de Murcia, ha presentado sus equipos masculino y femenino para disputar el Campeonato...","_links":{"self":[{"href":"https:\/\/fedetenismurcia.com\/index.php?rest_route=\/wp\/v2\/posts\/1556","targetHints":{"allow":["GET"]}}],"collection":[{"href":"https:\/\/fedetenismurcia.com\/index.php?rest_route=\/wp\/v2\/posts"}],"about":[{"href":"https:\/\/fedetenismurcia.com\/index.php?rest_route=\/wp\/v2\/types\/post"}],"author":[{"embeddable":true,"href":"https:\/\/fedetenismurcia.com\/index.php?rest_route=\/wp\/v2\/users\/1"}],"replies":[{"embeddable":true,"href":"https:\/\/fedetenismurcia.com\/index.php?rest_route=%2Fwp%2Fv2%2Fcomments&post=1556"}],"version-history":[{"count":0,"href":"https:\/\/fedetenismurcia.com\/index.php?rest_route=\/wp\/v2\/posts\/1556\/revisions"}],"wp:attachment":[{"href":"https:\/\/fedetenismurcia.com\/index.php?rest_route=%2Fwp%2Fv2%2Fmedia&parent=1556"}],"wp:term":[{"taxonomy":"category","embeddable":true,"href":"https:\/\/fedetenismurcia.com\/index.php?rest_route=%2Fwp%2Fv2%2Fcategories&post=1556"},{"taxonomy":"post_tag","embeddable":true,"href":"https:\/\/fedetenismurcia.com\/index.php?rest_route=%2Fwp%2Fv2%2Ftags&post=1556"}],"curies":[{"name":"wp","href":"https:\/\/api.w.org\/{rel}","templated":true}]}}