{"id":1560,"date":"2020-09-13T17:47:32","date_gmt":"2020-09-13T15:47:32","guid":{"rendered":"https:\/\/fedetenismurcia.com\/?p=1560"},"modified":"2020-09-13T18:00:17","modified_gmt":"2020-09-13T16:00:17","slug":"el-equipo-infantil-de-la-region-de-murcia-campeon-de-espana-infantil","status":"publish","type":"post","link":"https:\/\/fedetenismurcia.com\/?p=1560","title":{"rendered":"El equipo infantil de la Regi\u00f3n de Murcia, Campe\u00f3n de Espa\u00f1a Infantil"},"content":{"rendered":"\n<p>El equipo masculino infantil de la Federaci\u00f3n de Tenis de la Regi\u00f3n de Murcia, se ha proclamado Campe\u00f3n de Espa\u00f1a Infantil por Comunidades Aut\u00f3nomas. El equipo estaba compuesto por Sergio L\u00f3pez, Pablo Mart\u00ednez y Rafael Segado. El capit\u00e1n ha sido Jorge Garc\u00eda.<\/p>\n<p>Nuestro equipo part\u00eda como primer cabeza de serie y no cedi\u00f3 un set en ninguna de las eliminatorias. En la final se impuso a la Federaci\u00f3n de Valencia por 2 puntos a 0.<\/p>\n<p>Se trata de la segunda vez que nuestro equipo gana este Campeonato de Espa\u00f1a. En el a\u00f1o 2017 el equipo formado por Carlos Alcaraz, Diego Gallego y Fernando P\u00e9rez-R\u00f3denas ya consigui\u00f3 este t\u00edtulo. El equipo tambi\u00e9n estaba capitaneado por el t\u00e9cnico de la Federaci\u00f3n de Tenis, Jorge Garc\u00eda.\u00a0<\/p>\n<h2><a href=\"https:\/\/www.laopiniondemurcia.es\/deportes\/2020\/09\/12\/murcia-campeona-espana-infantil-segunda\/1144659.html\" target=\"_blank\" rel=\"noopener noreferrer\">Ver noticia en Diario La Opini\u00f3n de Murcia<\/a><\/h2>\n\n\n\n<div class=\"wp-block-envira-envira-gallery\">[envira-gallery id=&#8217;1561&#8242;]<\/div>\n","protected":false},"excerpt":{"rendered":"El equipo masculino infantil de la Federaci\u00f3n de Tenis de la Regi\u00f3n de Murcia, se ha proclamado Campe\u00f3n de Espa\u00f1a Infantil por Comunidades Aut\u00f3nomas. El equipo estaba compuesto por Sergio...","protected":false},"author":1,"featured_media":0,"comment_status":"closed","ping_status":"open","sticky":false,"template":"","format":"standard","meta":{"footnotes":""},"categories":[41],"tags":[],"class_list":["post-1560","post","type-post","status-publish","format-standard","category-resultados-jugadores"],"featured_media_src":null,"excerpt_plain":"El equipo masculino infantil de la Federaci\u00f3n de Tenis de la Regi\u00f3n de Murcia, se ha proclamado Campe\u00f3n de Espa\u00f1a...","_links":{"self":[{"href":"https:\/\/fedetenismurcia.com\/index.php?rest_route=\/wp\/v2\/posts\/1560","targetHints":{"allow":["GET"]}}],"collection":[{"href":"https:\/\/fedetenismurcia.com\/index.php?rest_route=\/wp\/v2\/posts"}],"about":[{"href":"https:\/\/fedetenismurcia.com\/index.php?rest_route=\/wp\/v2\/types\/post"}],"author":[{"embeddable":true,"href":"https:\/\/fedetenismurcia.com\/index.php?rest_route=\/wp\/v2\/users\/1"}],"replies":[{"embeddable":true,"href":"https:\/\/fedetenismurcia.com\/index.php?rest_route=%2Fwp%2Fv2%2Fcomments&post=1560"}],"version-history":[{"count":0,"href":"https:\/\/fedetenismurcia.com\/index.php?rest_route=\/wp\/v2\/posts\/1560\/revisions"}],"wp:attachment":[{"href":"https:\/\/fedetenismurcia.com\/index.php?rest_route=%2Fwp%2Fv2%2Fmedia&parent=1560"}],"wp:term":[{"taxonomy":"category","embeddable":true,"href":"https:\/\/fedetenismurcia.com\/index.php?rest_route=%2Fwp%2Fv2%2Fcategories&post=1560"},{"taxonomy":"post_tag","embeddable":true,"href":"https:\/\/fedetenismurcia.com\/index.php?rest_route=%2Fwp%2Fv2%2Ftags&post=1560"}],"curies":[{"name":"wp","href":"https:\/\/api.w.org\/{rel}","templated":true}]}}