{"id":1707,"date":"2020-10-26T22:00:43","date_gmt":"2020-10-26T21:00:43","guid":{"rendered":"https:\/\/fedetenismurcia.com\/?p=1707"},"modified":"2020-10-30T14:34:09","modified_gmt":"2020-10-30T13:34:09","slug":"nuevas-medidas-de-la-consejeria-de-salud-en-el-ambito-deportivo","status":"publish","type":"post","link":"https:\/\/fedetenismurcia.com\/?p=1707","title":{"rendered":"Nuevas medidas de la Consejer\u00eda de salud en el \u00e1mbito deportivo y decreto de movilidad"},"content":{"rendered":"\n<p>Puedes consultar la <a href=\"https:\/\/fedetenismurcia.com\/wp-content\/uploads\/2020\/documentos\/noticias\/Orden%2026%20octubre.pdf?_t=1603745893\" target=\"_blank\" rel=\"noopener noreferrer\">Orden de 26 de octubre de 2020<\/a> de la Consejer\u00eda de Salud, por la que se adoptan medidas adicionales, de car\u00e1cter temporal, para hacer frente a la epidemia de COVID-19 en la Regi\u00f3n de Murcia y que afecta a la pr\u00e1ctica deportiva.\u00a0<\/p>\n<p><a href=\"https:\/\/fedetenismurcia.com\/wp-content\/uploads\/2020\/documentos\/noticias\/Orden%2030%20octubre%20movilidad.pdf?_t=1604064816\" target=\"_blank\" rel=\"noopener noreferrer\">Decreto limitaci\u00f3n de circulaci\u00f3n de personas de car\u00e1cter territorial<\/a> (30\/10\/2020)<\/p>\n\n\n\n<p class=\"wp-block-paragraph\"><\/p>\n","protected":false},"excerpt":{"rendered":"Puedes consultar la Orden de 26 de octubre de 2020 de la Consejer\u00eda de Salud, por la que se adoptan medidas adicionales, de car\u00e1cter temporal, para hacer frente a la...","protected":false},"author":1,"featured_media":0,"comment_status":"closed","ping_status":"closed","sticky":false,"template":"","format":"standard","meta":{"footnotes":""},"categories":[4],"tags":[],"class_list":["post-1707","post","type-post","status-publish","format-standard","category-comunicacion"],"featured_media_src":null,"excerpt_plain":"Puedes consultar la Orden de 26 de octubre de 2020 de la Consejer\u00eda de Salud, por la que se adoptan...","_links":{"self":[{"href":"https:\/\/fedetenismurcia.com\/index.php?rest_route=\/wp\/v2\/posts\/1707","targetHints":{"allow":["GET"]}}],"collection":[{"href":"https:\/\/fedetenismurcia.com\/index.php?rest_route=\/wp\/v2\/posts"}],"about":[{"href":"https:\/\/fedetenismurcia.com\/index.php?rest_route=\/wp\/v2\/types\/post"}],"author":[{"embeddable":true,"href":"https:\/\/fedetenismurcia.com\/index.php?rest_route=\/wp\/v2\/users\/1"}],"replies":[{"embeddable":true,"href":"https:\/\/fedetenismurcia.com\/index.php?rest_route=%2Fwp%2Fv2%2Fcomments&post=1707"}],"version-history":[{"count":0,"href":"https:\/\/fedetenismurcia.com\/index.php?rest_route=\/wp\/v2\/posts\/1707\/revisions"}],"wp:attachment":[{"href":"https:\/\/fedetenismurcia.com\/index.php?rest_route=%2Fwp%2Fv2%2Fmedia&parent=1707"}],"wp:term":[{"taxonomy":"category","embeddable":true,"href":"https:\/\/fedetenismurcia.com\/index.php?rest_route=%2Fwp%2Fv2%2Fcategories&post=1707"},{"taxonomy":"post_tag","embeddable":true,"href":"https:\/\/fedetenismurcia.com\/index.php?rest_route=%2Fwp%2Fv2%2Ftags&post=1707"}],"curies":[{"name":"wp","href":"https:\/\/api.w.org\/{rel}","templated":true}]}}