{"id":1723,"date":"2020-11-12T09:56:48","date_gmt":"2020-11-12T08:56:48","guid":{"rendered":"https:\/\/fedetenismurcia.com\/?p=1723"},"modified":"2020-12-13T20:37:05","modified_gmt":"2020-12-13T19:37:05","slug":"d-jose-alcolea-heras-reelegido-presidente-de-la-federacion-de-tenis-de-la-region-de-murcia","status":"publish","type":"post","link":"https:\/\/fedetenismurcia.com\/?p=1723","title":{"rendered":"D. Jos\u00e9 Alcolea Heras, reelegido Presidente de la Federaci\u00f3n de Tenis de la Regi\u00f3n de Murcia"},"content":{"rendered":"\n<p>D. Jos\u00e9 Alcolea Heras, ha sido reelegido Presidente de la Federaci\u00f3n de Tenis de la Regi\u00f3n de Murcia. El proceso electoral ha concluido con total normalidad y con la presentaci\u00f3n de la \u00fanica candidatura de D. Jos\u00e9 Alcolea Heras. El nuevo periodo presidencial se extiende hasta el a\u00f1o 2024.\u00a0<\/p>\n<p><a href=\"https:\/\/youtu.be\/DJrJwM9sBaE\" target=\"_blank\" rel=\"noreferrer noopener\" data-type=\"URL\" data-id=\"https:\/\/youtu.be\/DJrJwM9sBaE\" data-rich-text-format-boundary=\"true\">Entrevista al Presidente de la Federaci\u00f3n de Tenis de la Regi\u00f3n de Murcia en el programa televisivo &#8220;Voces del Deporte&#8221;<\/a><\/p>\n<p>El pr\u00f3ximo Mi\u00e9rcoles 2 de Diciembre se convocar\u00e1 la Asamblea General Extraordinaria de la Federaci\u00f3n de Tenis de la Regi\u00f3n de Murcia para los nombramientos de su Junta Directiva, \u00f3rganos de gobierno y comit\u00e9s deportivos. Esta Asamblea debido a los motivos actuales se realizar\u00e1 por videoconferencia<\/p>\n","protected":false},"excerpt":{"rendered":"D. Jos\u00e9 Alcolea Heras, ha sido reelegido Presidente de la Federaci\u00f3n de Tenis de la Regi\u00f3n de Murcia. El proceso electoral ha concluido con total normalidad y con la presentaci\u00f3n...","protected":false},"author":1,"featured_media":0,"comment_status":"closed","ping_status":"closed","sticky":false,"template":"","format":"standard","meta":{"footnotes":""},"categories":[3],"tags":[],"class_list":["post-1723","post","type-post","status-publish","format-standard","category-federacion"],"featured_media_src":null,"excerpt_plain":"D. Jos\u00e9 Alcolea Heras, ha sido reelegido Presidente de la Federaci\u00f3n de Tenis de la Regi\u00f3n de Murcia. El proceso...","_links":{"self":[{"href":"https:\/\/fedetenismurcia.com\/index.php?rest_route=\/wp\/v2\/posts\/1723","targetHints":{"allow":["GET"]}}],"collection":[{"href":"https:\/\/fedetenismurcia.com\/index.php?rest_route=\/wp\/v2\/posts"}],"about":[{"href":"https:\/\/fedetenismurcia.com\/index.php?rest_route=\/wp\/v2\/types\/post"}],"author":[{"embeddable":true,"href":"https:\/\/fedetenismurcia.com\/index.php?rest_route=\/wp\/v2\/users\/1"}],"replies":[{"embeddable":true,"href":"https:\/\/fedetenismurcia.com\/index.php?rest_route=%2Fwp%2Fv2%2Fcomments&post=1723"}],"version-history":[{"count":0,"href":"https:\/\/fedetenismurcia.com\/index.php?rest_route=\/wp\/v2\/posts\/1723\/revisions"}],"wp:attachment":[{"href":"https:\/\/fedetenismurcia.com\/index.php?rest_route=%2Fwp%2Fv2%2Fmedia&parent=1723"}],"wp:term":[{"taxonomy":"category","embeddable":true,"href":"https:\/\/fedetenismurcia.com\/index.php?rest_route=%2Fwp%2Fv2%2Fcategories&post=1723"},{"taxonomy":"post_tag","embeddable":true,"href":"https:\/\/fedetenismurcia.com\/index.php?rest_route=%2Fwp%2Fv2%2Ftags&post=1723"}],"curies":[{"name":"wp","href":"https:\/\/api.w.org\/{rel}","templated":true}]}}