{"id":1867,"date":"2020-12-13T20:50:16","date_gmt":"2020-12-13T19:50:16","guid":{"rendered":"https:\/\/fedetenismurcia.com\/?p=1867"},"modified":"2020-12-13T20:50:17","modified_gmt":"2020-12-13T19:50:17","slug":"compuesta-la-junta-directiva-y-comites-de-la-federacion-de-tenis-de-la-region-de-murcia","status":"publish","type":"post","link":"https:\/\/fedetenismurcia.com\/?p=1867","title":{"rendered":"Compuesta la Junta Directiva y Comit\u00e9s de la Federaci\u00f3n de Tenis de la Regi\u00f3n de Murcia"},"content":{"rendered":"\n<p>El pasado 3 de diciembre tuvo lugar la Asamblea General Extraordinaria de la Federaci\u00f3n de Tenis de la Regi\u00f3n de Murcia, para constituir su Junta Directiva y los comit\u00e9s de entrenadores, \u00e1rbitros, disciplina y apelaci\u00f3n.<\/p>\n<p>Este nuevo equipo de la Federaci\u00f3n se extender\u00e1 en el per\u00edodo 2020-2024 y en \u00e9l tienen representaci\u00f3n todos los estamentos y la mayor\u00eda de clubes de nuestra Regi\u00f3n.\u00a0<\/p>\n<p>En el men\u00fa de &#8220;Federaci\u00f3n&#8221; se puede consultar:<\/p>\n<ul style=\"list-style-type: disc;\">\n<li>Los miembros constituyentes de la Asamblea General<\/li>\n<li>Los miembros de la Junta Directiva<\/li>\n<li>El Comit\u00e9 de entrenadores<\/li>\n<li>El Comit\u00e9 de \u00e1rbitros<\/li>\n<li>El Comit\u00e9 de disciplina<\/li>\n<li>El Comit\u00e9 de apelaci\u00f3n<\/li>\n<\/ul>\n<p>D. Jos\u00e9 Alcolea Heras fue nombrado Presidente de la Federaci\u00f3n de Tenis de la Regi\u00f3n de Murcia.<\/p>\n<p><img loading=\"lazy\" decoding=\"async\" class=\"size-thumbnail aligncenter\" src=\"https:\/\/fedetenismurcia.com\/wp-content\/uploads\/2020\/documentos\/institucional\/Jos%C3%A9%20Alcolea_2.png?_t=1607888572\" alt=\"D. JOS\u00c9 ALCOLEA HERAS\" width=\"425\" height=\"456\" \/><\/p>\n<p>\u00a0<\/p>\n\n\n","protected":false},"excerpt":{"rendered":"El pasado 3 de diciembre tuvo lugar la Asamblea General Extraordinaria de la Federaci\u00f3n de Tenis de la Regi\u00f3n de Murcia, para constituir su Junta Directiva y los comit\u00e9s de...","protected":false},"author":1,"featured_media":0,"comment_status":"closed","ping_status":"closed","sticky":false,"template":"","format":"standard","meta":{"footnotes":""},"categories":[38],"tags":[],"class_list":["post-1867","post","type-post","status-publish","format-standard","category-institucional"],"featured_media_src":null,"excerpt_plain":"El pasado 3 de diciembre tuvo lugar la Asamblea General Extraordinaria de la Federaci\u00f3n de Tenis de la Regi\u00f3n de...","_links":{"self":[{"href":"https:\/\/fedetenismurcia.com\/index.php?rest_route=\/wp\/v2\/posts\/1867","targetHints":{"allow":["GET"]}}],"collection":[{"href":"https:\/\/fedetenismurcia.com\/index.php?rest_route=\/wp\/v2\/posts"}],"about":[{"href":"https:\/\/fedetenismurcia.com\/index.php?rest_route=\/wp\/v2\/types\/post"}],"author":[{"embeddable":true,"href":"https:\/\/fedetenismurcia.com\/index.php?rest_route=\/wp\/v2\/users\/1"}],"replies":[{"embeddable":true,"href":"https:\/\/fedetenismurcia.com\/index.php?rest_route=%2Fwp%2Fv2%2Fcomments&post=1867"}],"version-history":[{"count":0,"href":"https:\/\/fedetenismurcia.com\/index.php?rest_route=\/wp\/v2\/posts\/1867\/revisions"}],"wp:attachment":[{"href":"https:\/\/fedetenismurcia.com\/index.php?rest_route=%2Fwp%2Fv2%2Fmedia&parent=1867"}],"wp:term":[{"taxonomy":"category","embeddable":true,"href":"https:\/\/fedetenismurcia.com\/index.php?rest_route=%2Fwp%2Fv2%2Fcategories&post=1867"},{"taxonomy":"post_tag","embeddable":true,"href":"https:\/\/fedetenismurcia.com\/index.php?rest_route=%2Fwp%2Fv2%2Ftags&post=1867"}],"curies":[{"name":"wp","href":"https:\/\/api.w.org\/{rel}","templated":true}]}}