{"id":1962,"date":"2020-12-28T09:59:54","date_gmt":"2020-12-28T08:59:54","guid":{"rendered":"https:\/\/fedetenismurcia.com\/?p=1962"},"modified":"2021-01-08T16:50:11","modified_gmt":"2021-01-08T15:50:11","slug":"inscritos-en-la-liga-de-todos","status":"publish","type":"post","link":"https:\/\/fedetenismurcia.com\/?p=1962","title":{"rendered":"Inscritos en la Liga de Todos"},"content":{"rendered":"\n<p>A continuaci\u00f3n se publica la <a href=\"https:\/\/fedetenismurcia.com\/wp-content\/uploads\/2020\/documentos\/la%20liga%20de%20todos\/participantes%20a%2029_12_2020.pdf?_t=1609232868\" target=\"_blank\" rel=\"noopener\">lista provisional de participantes<\/a>, (actualizada a 29 de diciembre) de La Liga de Todos. La primera jornada est\u00e1 fijada para el 9 de Enero de 2021. Pr\u00f3ximamente se publicar\u00e1n en la <a href=\"https:\/\/competiciones.fedetenismurcia.com\/es\/\" target=\"_blank\" rel=\"noopener\">p\u00e1gina oficial de la Liga<\/a>, la composici\u00f3n definitiva de los grupos.<\/p>\n<p><strong><span style=\"color: #ff0000;\">Comunicado 10 de Enero de 2021<\/span><\/strong><\/p>\n<p><strong><span style=\"color: #ff0000;\">Seg\u00fan comunicado remitido por la Direcci\u00f3n General de Deportes de la Comunidad Aut\u00f3noma de la Regi\u00f3n de Murcia, quedan suspendidas temporalmente las competiciones de car\u00e1cter auton\u00f3mico.<\/span><\/strong><br \/><br \/><strong><span style=\"color: #ff0000;\">Al tener la Liga para Todos este car\u00e1cter queda aplazada temporalmente hasta nuevo comunicado.<\/span><\/strong><br \/><br \/><strong><span style=\"color: #ff0000;\">Si fuera necesario se ajustar\u00eda el calendario de jornadas y fechas previstas para poder disputar la Liga.<\/span><\/strong><br \/><br \/><strong><span style=\"color: #ff0000;\">Agradecemos su comprensi\u00f3n y seguiremos en contacto a trav\u00e9s de este medio y de la web de la Liga.<\/span><\/strong><br \/><br \/><strong><span style=\"color: #ff0000;\">Muchas\u00a0gracias.<\/span><\/strong><br \/><br \/><strong><span style=\"color: #ff0000;\">LA\u00a0LIGA\u00a0PARA\u00a0TODOS<\/span><\/strong><br \/><strong><span style=\"color: #ff0000;\">FEDERACI\u00d3N\u00a0DE\u00a0TENIS\u00a0DE\u00a0LA\u00a0REGI\u00d3N\u00a0DE\u00a0MURCIA<\/span><\/strong><\/p>\n\n\n\n<p class=\"wp-block-paragraph\"><\/p>\n","protected":false},"excerpt":{"rendered":"A continuaci\u00f3n se publica la lista provisional de participantes, (actualizada a 29 de diciembre) de La Liga de Todos. La primera jornada est\u00e1 fijada para el 9 de Enero de...","protected":false},"author":1,"featured_media":0,"comment_status":"closed","ping_status":"closed","sticky":false,"template":"","format":"standard","meta":{"footnotes":""},"categories":[45],"tags":[],"class_list":["post-1962","post","type-post","status-publish","format-standard","category-la-liga-de-todos"],"featured_media_src":null,"excerpt_plain":"A continuaci\u00f3n se publica la lista provisional de participantes, (actualizada a 29 de diciembre) de La Liga de Todos. La...","_links":{"self":[{"href":"https:\/\/fedetenismurcia.com\/index.php?rest_route=\/wp\/v2\/posts\/1962","targetHints":{"allow":["GET"]}}],"collection":[{"href":"https:\/\/fedetenismurcia.com\/index.php?rest_route=\/wp\/v2\/posts"}],"about":[{"href":"https:\/\/fedetenismurcia.com\/index.php?rest_route=\/wp\/v2\/types\/post"}],"author":[{"embeddable":true,"href":"https:\/\/fedetenismurcia.com\/index.php?rest_route=\/wp\/v2\/users\/1"}],"replies":[{"embeddable":true,"href":"https:\/\/fedetenismurcia.com\/index.php?rest_route=%2Fwp%2Fv2%2Fcomments&post=1962"}],"version-history":[{"count":0,"href":"https:\/\/fedetenismurcia.com\/index.php?rest_route=\/wp\/v2\/posts\/1962\/revisions"}],"wp:attachment":[{"href":"https:\/\/fedetenismurcia.com\/index.php?rest_route=%2Fwp%2Fv2%2Fmedia&parent=1962"}],"wp:term":[{"taxonomy":"category","embeddable":true,"href":"https:\/\/fedetenismurcia.com\/index.php?rest_route=%2Fwp%2Fv2%2Fcategories&post=1962"},{"taxonomy":"post_tag","embeddable":true,"href":"https:\/\/fedetenismurcia.com\/index.php?rest_route=%2Fwp%2Fv2%2Ftags&post=1962"}],"curies":[{"name":"wp","href":"https:\/\/api.w.org\/{rel}","templated":true}]}}