{"id":2028,"date":"2021-01-15T13:07:50","date_gmt":"2021-01-15T12:07:50","guid":{"rendered":"https:\/\/fedetenismurcia.com\/?p=2028"},"modified":"2021-01-15T13:07:51","modified_gmt":"2021-01-15T12:07:51","slug":"uso-obligatorio-de-la-mascarilla-para-la-practica-del-tenis","status":"publish","type":"post","link":"https:\/\/fedetenismurcia.com\/?p=2028","title":{"rendered":"Uso obligatorio de la mascarilla para la pr\u00e1ctica del Tenis"},"content":{"rendered":"\n<p class=\"wp-block-paragraph\">Seg\u00fan indicaciones de la Direcci\u00f3n General de Deportes de la Regi\u00f3n de Murcia, recordamos que el uso de la mascarilla es obligatoria en toda la actividad deportiva.<\/p>\n\n\n\n<p class=\"wp-block-paragraph\">Este mismo uso se hace extensible a la pr\u00e1ctica del tenis, ya sea en entrenamientos, partidos amistosos entre dos o cuatro personas o cualquier actividad relacionada con nuestro deporte.<\/p>\n\n\n\n<p class=\"wp-block-paragraph\">Por favor, rogamos que hagan extensible esta informaci\u00f3n a todos sus abonados y usuarios de sus instalaciones y pedimos la colaboraci\u00f3n de todos las personas y responsables de los Clubes de Tenis de la Regi\u00f3n de Murcia para hacer que el uso de la mascarilla sea obligatoria durante la pr\u00e1ctica del tenis en sus instalaciones. &nbsp;<\/p>\n\n\n\n<p class=\"wp-block-paragraph\">Muchas gracias por su colaboraci\u00f3n.<\/p>\n\n\n\n<p class=\"wp-block-paragraph\">FEDERACI\u00d3N DE TENIS DE LA REGI\u00d3N DE MURCIA<\/p>\n","protected":false},"excerpt":{"rendered":"<p>Seg\u00fan indicaciones de la Direcci\u00f3n General de Deportes de la Regi\u00f3n de Murcia, recordamos que el uso de la mascarilla es obligatoria en toda la actividad deportiva. Este mismo uso&#8230;<\/p>\n","protected":false},"author":1,"featured_media":0,"comment_status":"closed","ping_status":"closed","sticky":false,"template":"","format":"standard","meta":{"footnotes":""},"categories":[5,3],"tags":[],"class_list":["post-2028","post","type-post","status-publish","format-standard","category-comunicacion-federacion","category-federacion"],"featured_media_src":null,"excerpt_plain":"Seg\u00fan indicaciones de la Direcci\u00f3n General de Deportes de la Regi\u00f3n de Murcia, recordamos que el uso de la mascarilla...","_links":{"self":[{"href":"https:\/\/fedetenismurcia.com\/index.php?rest_route=\/wp\/v2\/posts\/2028","targetHints":{"allow":["GET"]}}],"collection":[{"href":"https:\/\/fedetenismurcia.com\/index.php?rest_route=\/wp\/v2\/posts"}],"about":[{"href":"https:\/\/fedetenismurcia.com\/index.php?rest_route=\/wp\/v2\/types\/post"}],"author":[{"embeddable":true,"href":"https:\/\/fedetenismurcia.com\/index.php?rest_route=\/wp\/v2\/users\/1"}],"replies":[{"embeddable":true,"href":"https:\/\/fedetenismurcia.com\/index.php?rest_route=%2Fwp%2Fv2%2Fcomments&post=2028"}],"version-history":[{"count":0,"href":"https:\/\/fedetenismurcia.com\/index.php?rest_route=\/wp\/v2\/posts\/2028\/revisions"}],"wp:attachment":[{"href":"https:\/\/fedetenismurcia.com\/index.php?rest_route=%2Fwp%2Fv2%2Fmedia&parent=2028"}],"wp:term":[{"taxonomy":"category","embeddable":true,"href":"https:\/\/fedetenismurcia.com\/index.php?rest_route=%2Fwp%2Fv2%2Fcategories&post=2028"},{"taxonomy":"post_tag","embeddable":true,"href":"https:\/\/fedetenismurcia.com\/index.php?rest_route=%2Fwp%2Fv2%2Ftags&post=2028"}],"curies":[{"name":"wp","href":"https:\/\/api.w.org\/{rel}","templated":true}]}}