{"id":203,"date":"2020-04-23T19:08:52","date_gmt":"2020-04-23T17:08:52","guid":{"rendered":"https:\/\/fedetenismurcia.com\/?p=203"},"modified":"2020-04-23T19:08:52","modified_gmt":"2020-04-23T17:08:52","slug":"fechas-provisionales-campeonatos-de-espana-juveniles","status":"publish","type":"post","link":"https:\/\/fedetenismurcia.com\/?p=203","title":{"rendered":"Fechas provisionales Campeonatos de Espa\u00f1a Juveniles"},"content":{"rendered":"\n<p class=\"wp-block-paragraph\">La RFET comunica que se tiene la intenci\u00f3n de que los Campeonatos de Espa\u00f1a Juveniles individuales y por equipos se puedan celebrar en todas sus categor\u00edas, aunque no obstante, depender\u00e1 siempre de como vayan sucediendo los acontecimientos. <\/p>\n\n\n\n<p class=\"wp-block-paragraph\">Al mismo tiempo la Federaci\u00f3n de Tenis de la Regi\u00f3n de Murcia, una vez conocidas las fechas de los Campeonatos de Espa\u00f1a, trabaja en la elaboraci\u00f3n de un nuevo calendario para los pr\u00f3ximos meses. Estamos pendientes de que las autoridades auton\u00f3micas y estatales fijen el inicio de la actividad deportiva, apertura de instalaciones deportivas, protocolo de actuaci\u00f3n y autorizaci\u00f3n para celebrar dichas competiciones.<\/p>\n\n\n\n<p class=\"wp-block-paragraph\">Se puede consultar las fechas de los Campeonatos de Espa\u00f1a en el siguiente <strong><a rel=\"noreferrer noopener\" href=\"http:\/\/www.rfet.es\/es_competicion_campeonatos_juveniles_individual.html\" target=\"_blank\">enlace<\/a>.<\/strong>\u00a0<\/p>\n","protected":false},"excerpt":{"rendered":"<p>La RFET comunica que se tiene la intenci\u00f3n de que los Campeonatos de Espa\u00f1a Juveniles individuales y por equipos se puedan celebrar en todas sus categor\u00edas, aunque no obstante, depender\u00e1&#8230;<\/p>\n","protected":false},"author":1,"featured_media":0,"comment_status":"closed","ping_status":"closed","sticky":false,"template":"","format":"standard","meta":{"footnotes":""},"categories":[3],"tags":[],"class_list":["post-203","post","type-post","status-publish","format-standard","category-federacion"],"featured_media_src":null,"excerpt_plain":"La RFET comunica que se tiene la intenci\u00f3n de que los Campeonatos de Espa\u00f1a Juveniles individuales y por equipos se...","_links":{"self":[{"href":"https:\/\/fedetenismurcia.com\/index.php?rest_route=\/wp\/v2\/posts\/203","targetHints":{"allow":["GET"]}}],"collection":[{"href":"https:\/\/fedetenismurcia.com\/index.php?rest_route=\/wp\/v2\/posts"}],"about":[{"href":"https:\/\/fedetenismurcia.com\/index.php?rest_route=\/wp\/v2\/types\/post"}],"author":[{"embeddable":true,"href":"https:\/\/fedetenismurcia.com\/index.php?rest_route=\/wp\/v2\/users\/1"}],"replies":[{"embeddable":true,"href":"https:\/\/fedetenismurcia.com\/index.php?rest_route=%2Fwp%2Fv2%2Fcomments&post=203"}],"version-history":[{"count":0,"href":"https:\/\/fedetenismurcia.com\/index.php?rest_route=\/wp\/v2\/posts\/203\/revisions"}],"wp:attachment":[{"href":"https:\/\/fedetenismurcia.com\/index.php?rest_route=%2Fwp%2Fv2%2Fmedia&parent=203"}],"wp:term":[{"taxonomy":"category","embeddable":true,"href":"https:\/\/fedetenismurcia.com\/index.php?rest_route=%2Fwp%2Fv2%2Fcategories&post=203"},{"taxonomy":"post_tag","embeddable":true,"href":"https:\/\/fedetenismurcia.com\/index.php?rest_route=%2Fwp%2Fv2%2Ftags&post=203"}],"curies":[{"name":"wp","href":"https:\/\/api.w.org\/{rel}","templated":true}]}}