{"id":207,"date":"2020-04-23T19:13:30","date_gmt":"2020-04-23T17:13:30","guid":{"rendered":"https:\/\/fedetenismurcia.com\/?p=207"},"modified":"2020-04-23T20:52:55","modified_gmt":"2020-04-23T18:52:55","slug":"charla-sobre-los-tecnicos-de-la-region-el-sabado-25-de-abril","status":"publish","type":"post","link":"https:\/\/fedetenismurcia.com\/?p=207","title":{"rendered":"Charla sobre los t\u00e9cnicos de la Regi\u00f3n el s\u00e1bado 25 de Abril"},"content":{"rendered":"\n<p class=\"wp-block-paragraph\">Este s\u00e1bado 25 de Abril, habr\u00e1 una nueva charla online para los t\u00e9cnicos de la Federaci\u00f3n de Tenis de la Regi\u00f3n de Murcia bajo el t\u00edtulo, &#8220;El futuro de los t\u00e9ncicos despu\u00e9s del Covid19&#8221;. La charla estar\u00e1 moderada por Juan David Cano.<\/p>\n","protected":false},"excerpt":{"rendered":"<p>Este s\u00e1bado 25 de Abril, habr\u00e1 una nueva charla online para los t\u00e9cnicos de la Federaci\u00f3n de Tenis de la Regi\u00f3n de Murcia bajo el t\u00edtulo, &#8220;El futuro de los&#8230;<\/p>\n","protected":false},"author":1,"featured_media":0,"comment_status":"closed","ping_status":"closed","sticky":false,"template":"","format":"standard","meta":{"footnotes":""},"categories":[3],"tags":[],"class_list":["post-207","post","type-post","status-publish","format-standard","category-federacion"],"featured_media_src":null,"excerpt_plain":"Este s\u00e1bado 25 de Abril, habr\u00e1 una nueva charla online para los t\u00e9cnicos de la Federaci\u00f3n de Tenis de la...","_links":{"self":[{"href":"https:\/\/fedetenismurcia.com\/index.php?rest_route=\/wp\/v2\/posts\/207","targetHints":{"allow":["GET"]}}],"collection":[{"href":"https:\/\/fedetenismurcia.com\/index.php?rest_route=\/wp\/v2\/posts"}],"about":[{"href":"https:\/\/fedetenismurcia.com\/index.php?rest_route=\/wp\/v2\/types\/post"}],"author":[{"embeddable":true,"href":"https:\/\/fedetenismurcia.com\/index.php?rest_route=\/wp\/v2\/users\/1"}],"replies":[{"embeddable":true,"href":"https:\/\/fedetenismurcia.com\/index.php?rest_route=%2Fwp%2Fv2%2Fcomments&post=207"}],"version-history":[{"count":0,"href":"https:\/\/fedetenismurcia.com\/index.php?rest_route=\/wp\/v2\/posts\/207\/revisions"}],"wp:attachment":[{"href":"https:\/\/fedetenismurcia.com\/index.php?rest_route=%2Fwp%2Fv2%2Fmedia&parent=207"}],"wp:term":[{"taxonomy":"category","embeddable":true,"href":"https:\/\/fedetenismurcia.com\/index.php?rest_route=%2Fwp%2Fv2%2Fcategories&post=207"},{"taxonomy":"post_tag","embeddable":true,"href":"https:\/\/fedetenismurcia.com\/index.php?rest_route=%2Fwp%2Fv2%2Ftags&post=207"}],"curies":[{"name":"wp","href":"https:\/\/api.w.org\/{rel}","templated":true}]}}