{"id":2163,"date":"2021-03-02T17:23:13","date_gmt":"2021-03-02T16:23:13","guid":{"rendered":"https:\/\/fedetenismurcia.com\/?p=2163"},"modified":"2021-03-02T17:24:31","modified_gmt":"2021-03-02T16:24:31","slug":"la-liga-para-todos-comienza-el-6-de-marzo","status":"publish","type":"post","link":"https:\/\/fedetenismurcia.com\/?p=2163","title":{"rendered":"LA LIGA PARA TODOS COMIENZA EL 6 DE MARZO"},"content":{"rendered":"\n<p>Una vez recibida la autorizaci\u00f3n por parte de la Comunidad Aut\u00f3noma de la vuelta a las competiciones, se comunica que a partir del 6 de marzo se reanudar\u00e1 la Liga para todos. No m\u00e1s tarde del jueves 4 de marzo se publicar\u00e1 el nuevo calendario de jornadas.<\/p>\n<p>Agradecemos su comprensi\u00f3n y espera para poder disputar la Liga.\u00a0<\/p>\n<p>Pueden seguir toda la actualidad de la liga en la <a href=\"https:\/\/competiciones.fedetenismurcia.com\/\" target=\"_blank\" rel=\"noopener\">web de la Liga.<\/a><\/p>\n<p>Muchas gracias.<\/p>\n<p>LA LIGA PARA TODOS<br \/>FEDERACI\u00d3N DE TENIS DE LA REGI\u00d3N DE MURCIA<\/p>\n","protected":false},"excerpt":{"rendered":"Una vez recibida la autorizaci\u00f3n por parte de la Comunidad Aut\u00f3noma de la vuelta a las competiciones, se comunica que a partir del 6 de marzo se reanudar\u00e1 la Liga...","protected":false},"author":1,"featured_media":0,"comment_status":"closed","ping_status":"closed","sticky":false,"template":"","format":"standard","meta":{"footnotes":""},"categories":[45],"tags":[],"class_list":["post-2163","post","type-post","status-publish","format-standard","category-la-liga-de-todos"],"featured_media_src":null,"excerpt_plain":"Una vez recibida la autorizaci\u00f3n por parte de la Comunidad Aut\u00f3noma de la vuelta a las competiciones, se comunica que...","_links":{"self":[{"href":"https:\/\/fedetenismurcia.com\/index.php?rest_route=\/wp\/v2\/posts\/2163","targetHints":{"allow":["GET"]}}],"collection":[{"href":"https:\/\/fedetenismurcia.com\/index.php?rest_route=\/wp\/v2\/posts"}],"about":[{"href":"https:\/\/fedetenismurcia.com\/index.php?rest_route=\/wp\/v2\/types\/post"}],"author":[{"embeddable":true,"href":"https:\/\/fedetenismurcia.com\/index.php?rest_route=\/wp\/v2\/users\/1"}],"replies":[{"embeddable":true,"href":"https:\/\/fedetenismurcia.com\/index.php?rest_route=%2Fwp%2Fv2%2Fcomments&post=2163"}],"version-history":[{"count":0,"href":"https:\/\/fedetenismurcia.com\/index.php?rest_route=\/wp\/v2\/posts\/2163\/revisions"}],"wp:attachment":[{"href":"https:\/\/fedetenismurcia.com\/index.php?rest_route=%2Fwp%2Fv2%2Fmedia&parent=2163"}],"wp:term":[{"taxonomy":"category","embeddable":true,"href":"https:\/\/fedetenismurcia.com\/index.php?rest_route=%2Fwp%2Fv2%2Fcategories&post=2163"},{"taxonomy":"post_tag","embeddable":true,"href":"https:\/\/fedetenismurcia.com\/index.php?rest_route=%2Fwp%2Fv2%2Ftags&post=2163"}],"curies":[{"name":"wp","href":"https:\/\/api.w.org\/{rel}","templated":true}]}}