{"id":2442,"date":"2021-04-19T10:15:46","date_gmt":"2021-04-19T08:15:46","guid":{"rendered":"https:\/\/fedetenismurcia.com\/?p=2442"},"modified":"2021-04-19T10:52:14","modified_gmt":"2021-04-19T08:52:14","slug":"campeonatos-regionales-individuales","status":"publish","type":"post","link":"https:\/\/fedetenismurcia.com\/?p=2442","title":{"rendered":"Campeonatos Regionales Individuales"},"content":{"rendered":"\n<p>A partir del 24 de Abril, comienzan los Campeonatos Regionales Juveniles Individuales de la Federaci\u00f3n de Tenis de la Regi\u00f3n de Murcia. Estos campeonatos son clasificatorios para los Campeonatos de Espa\u00f1a Juveniles.<\/p>\n<p>Las sedes y fechas regionales son las siguientes:<\/p>\n<ul style=\"list-style-type: disc;\">\n<li>Categor\u00eda Alev\u00edn: Yecla Club de Tenis. Del 8 al 16 de Mayo<\/li>\n<li>Categor\u00eda Infantil: Olimpic Club. Del 15 al 23 de Mayo<\/li>\n<li>Categor\u00eda Cadete: Club de Tenis \u00c1guilas. Del 22 al\u00a0 30 de Mayo<\/li>\n<li>Categor\u00eda Junir: Club de Tenis Cieza. Del 24 de Abril al 2 de Mayo<\/li>\n<\/ul>\n<p>La categor\u00eda benjam\u00edn tendr\u00e1 su sede en la Real Sociedad Club de Campo y en breve se publicar\u00e1 la fecha definitva.<\/p>\n<p>Las inscripciones a los campeonatos se realizar\u00e1n a trav\u00e9s de esta web, en la secci\u00f3n de los <a href=\"https:\/\/fedetenismurcia.com\/individuales-juveniles\/\" target=\"_blank\" rel=\"noopener\">Campeonatos Regional es Indiviudales<\/a><\/p>\n<table style=\"border-collapse: collapse; width: 100%;\">\n<tbody>\n<tr>\n<td style=\"width: 25%;\"><a href=\"https:\/\/fedetenismurcia.com\/wp-content\/uploads\/2021\/04\/cartel-2020_2021-1.jpg\" data-wplink-edit=\"true\"><img loading=\"lazy\" decoding=\"async\" class=\"aligncenter size-thumbnail wp-image-2391\" src=\"https:\/\/fedetenismurcia.com\/wp-content\/uploads\/2021\/04\/cartel-2020_2021-1-150x150.jpg\" alt=\"\" width=\"150\" height=\"150\" \/><\/a><\/td>\n<td style=\"width: 25%;\"><a href=\"https:\/\/fedetenismurcia.com\/wp-content\/uploads\/2021\/04\/cartel-2020_2021-2.jpg\"><img loading=\"lazy\" decoding=\"async\" class=\"aligncenter size-thumbnail wp-image-2393\" src=\"https:\/\/fedetenismurcia.com\/wp-content\/uploads\/2021\/04\/cartel-2020_2021-2-150x150.jpg\" alt=\"\" width=\"150\" height=\"150\" \/><\/a><\/td>\n<td style=\"width: 25%;\"><a href=\"https:\/\/fedetenismurcia.com\/wp-content\/uploads\/2021\/04\/cadete-2021.jpg\"><img loading=\"lazy\" decoding=\"async\" class=\"aligncenter size-thumbnail wp-image-2385\" src=\"https:\/\/fedetenismurcia.com\/wp-content\/uploads\/2021\/04\/cadete-2021-150x150.jpg\" alt=\"\" width=\"150\" height=\"150\" \/><\/a><\/td>\n<td style=\"width: 25%;\"><a href=\"https:\/\/fedetenismurcia.com\/wp-content\/uploads\/2021\/04\/cartel-2020_2021.jpg\"><img loading=\"lazy\" decoding=\"async\" class=\"aligncenter size-thumbnail wp-image-2323\" src=\"https:\/\/fedetenismurcia.com\/wp-content\/uploads\/2021\/04\/cartel-2020_2021-150x150.jpg\" alt=\"\" width=\"150\" height=\"150\" \/><\/a><\/td>\n<\/tr>\n<\/tbody>\n<\/table>\n\n\n\n<p class=\"wp-block-paragraph\"><\/p>\n","protected":false},"excerpt":{"rendered":"A partir del 24 de Abril, comienzan los Campeonatos Regionales Juveniles Individuales de la Federaci\u00f3n de Tenis de la Regi\u00f3n de Murcia. Estos campeonatos son clasificatorios para los Campeonatos de...","protected":false},"author":1,"featured_media":0,"comment_status":"closed","ping_status":"closed","sticky":false,"template":"","format":"standard","meta":{"footnotes":""},"categories":[3,37],"tags":[],"class_list":["post-2442","post","type-post","status-publish","format-standard","category-federacion","category-regionales-juveniles-individuales"],"featured_media_src":null,"excerpt_plain":"A partir del 24 de Abril, comienzan los Campeonatos Regionales Juveniles Individuales de la Federaci\u00f3n de Tenis de la Regi\u00f3n...","_links":{"self":[{"href":"https:\/\/fedetenismurcia.com\/index.php?rest_route=\/wp\/v2\/posts\/2442","targetHints":{"allow":["GET"]}}],"collection":[{"href":"https:\/\/fedetenismurcia.com\/index.php?rest_route=\/wp\/v2\/posts"}],"about":[{"href":"https:\/\/fedetenismurcia.com\/index.php?rest_route=\/wp\/v2\/types\/post"}],"author":[{"embeddable":true,"href":"https:\/\/fedetenismurcia.com\/index.php?rest_route=\/wp\/v2\/users\/1"}],"replies":[{"embeddable":true,"href":"https:\/\/fedetenismurcia.com\/index.php?rest_route=%2Fwp%2Fv2%2Fcomments&post=2442"}],"version-history":[{"count":0,"href":"https:\/\/fedetenismurcia.com\/index.php?rest_route=\/wp\/v2\/posts\/2442\/revisions"}],"wp:attachment":[{"href":"https:\/\/fedetenismurcia.com\/index.php?rest_route=%2Fwp%2Fv2%2Fmedia&parent=2442"}],"wp:term":[{"taxonomy":"category","embeddable":true,"href":"https:\/\/fedetenismurcia.com\/index.php?rest_route=%2Fwp%2Fv2%2Fcategories&post=2442"},{"taxonomy":"post_tag","embeddable":true,"href":"https:\/\/fedetenismurcia.com\/index.php?rest_route=%2Fwp%2Fv2%2Ftags&post=2442"}],"curies":[{"name":"wp","href":"https:\/\/api.w.org\/{rel}","templated":true}]}}