{"id":2478,"date":"2021-04-21T18:42:12","date_gmt":"2021-04-21T16:42:12","guid":{"rendered":"https:\/\/fedetenismurcia.com\/?p=2478"},"modified":"2021-04-21T18:42:15","modified_gmt":"2021-04-21T16:42:15","slug":"reunion-con-el-director-general-de-deportes-de-la-comunidad-autonoma-de-la-region-de-murcia","status":"publish","type":"post","link":"https:\/\/fedetenismurcia.com\/?p=2478","title":{"rendered":"Reuni\u00f3n con el Director General de Deportes de la Comunidad Aut\u00f3noma de la Regi\u00f3n de Murcia"},"content":{"rendered":"\n<p>El Presidente de la Federaci\u00f3n de Tenis de la Regi\u00f3n de Murcia, Jos\u00e9 Alcolea, ha mantenido una reuni\u00f3n con el Director General de Deportes, Fran S\u00e1nchez.<\/p>\n<p>En dicha reuni\u00f3n el Presidente de la Federaci\u00f3n ha relatado al Director General de Deportes los proyectos futuros de la Federaci\u00f3n de Tenis de la Regi\u00f3n de Murcia y de su Centro de Tecnificaci\u00f3n. La reuni\u00f3n ha sido muy positiva por la predisposici\u00f3n del Director General ante las propuestas e inquietudes que ha expuesto el Presidente de la Federaci\u00f3n.\u00a0<\/p>\n<p>\u00a0<\/p>\n\n\n\n<figure class=\"wp-block-image size-large\"><img decoding=\"async\" src=\"https:\/\/fedetenismurcia.com\/wp-content\/uploads\/2020\/documentos\/institucional\/visitas\/imagenes\/2021\/Director%20General%20y%20Presidente%20FTRM.jpg?_t=1619022811\" alt=\"\"\/><\/figure>\n","protected":false},"excerpt":{"rendered":"El Presidente de la Federaci\u00f3n de Tenis de la Regi\u00f3n de Murcia, Jos\u00e9 Alcolea, ha mantenido una reuni\u00f3n con el Director General de Deportes, Fran S\u00e1nchez. En dicha reuni\u00f3n el...","protected":false},"author":1,"featured_media":0,"comment_status":"closed","ping_status":"closed","sticky":false,"template":"","format":"standard","meta":{"footnotes":""},"categories":[3,38],"tags":[],"class_list":["post-2478","post","type-post","status-publish","format-standard","category-federacion","category-institucional"],"featured_media_src":null,"excerpt_plain":"El Presidente de la Federaci\u00f3n de Tenis de la Regi\u00f3n de Murcia, Jos\u00e9 Alcolea, ha mantenido una reuni\u00f3n con el...","_links":{"self":[{"href":"https:\/\/fedetenismurcia.com\/index.php?rest_route=\/wp\/v2\/posts\/2478","targetHints":{"allow":["GET"]}}],"collection":[{"href":"https:\/\/fedetenismurcia.com\/index.php?rest_route=\/wp\/v2\/posts"}],"about":[{"href":"https:\/\/fedetenismurcia.com\/index.php?rest_route=\/wp\/v2\/types\/post"}],"author":[{"embeddable":true,"href":"https:\/\/fedetenismurcia.com\/index.php?rest_route=\/wp\/v2\/users\/1"}],"replies":[{"embeddable":true,"href":"https:\/\/fedetenismurcia.com\/index.php?rest_route=%2Fwp%2Fv2%2Fcomments&post=2478"}],"version-history":[{"count":0,"href":"https:\/\/fedetenismurcia.com\/index.php?rest_route=\/wp\/v2\/posts\/2478\/revisions"}],"wp:attachment":[{"href":"https:\/\/fedetenismurcia.com\/index.php?rest_route=%2Fwp%2Fv2%2Fmedia&parent=2478"}],"wp:term":[{"taxonomy":"category","embeddable":true,"href":"https:\/\/fedetenismurcia.com\/index.php?rest_route=%2Fwp%2Fv2%2Fcategories&post=2478"},{"taxonomy":"post_tag","embeddable":true,"href":"https:\/\/fedetenismurcia.com\/index.php?rest_route=%2Fwp%2Fv2%2Ftags&post=2478"}],"curies":[{"name":"wp","href":"https:\/\/api.w.org\/{rel}","templated":true}]}}