{"id":2533,"date":"2021-05-03T10:52:04","date_gmt":"2021-05-03T08:52:04","guid":{"rendered":"https:\/\/fedetenismurcia.com\/?p=2533"},"modified":"2021-05-03T10:52:06","modified_gmt":"2021-05-03T08:52:06","slug":"vuelve-el-iniciatenis","status":"publish","type":"post","link":"https:\/\/fedetenismurcia.com\/?p=2533","title":{"rendered":"Vuelve el Iniciatenis"},"content":{"rendered":"\n<p>A partir del 22 de Mayo vuelve el torneo base de la Federaci\u00f3n de Tenis de la Regi\u00f3n de Murcia. El Iniciatenis se disputar\u00e1 en cinco zonas en una primera fase que se jugar\u00e1 en forma de liguilla. La fase final se disputar\u00e1 en el Club de Tenis Nuevo Nivel Los Alc\u00e1zares.<\/p>\n<p>La inscripci\u00f3n permanecer\u00e1 abierta hasta el jueves 13 de mayo a las 14 horas y se realizar\u00e1 a trav\u00e9s de la web de la Federaci\u00f3n de Tenis de la Regi\u00f3n de Murcia<\/p>\n\n\n\n<div class=\"wp-block-image\"><figure class=\"aligncenter size-large is-resized\"><a href=\"https:\/\/fedetenismurcia.com\/iniciatenis\/\" target=\"_blank\" rel=\"noopener\"><img loading=\"lazy\" decoding=\"async\" src=\"https:\/\/fedetenismurcia.com\/wp-content\/uploads\/2020\/documentos\/tenis%20base\/iniciatenis\/2021\/mayo\/carteL%20iniciatenis%202021.jpg?_t=1620030006\" alt=\"\" width=\"555\" height=\"738\"\/><\/a><\/figure><\/div>\n","protected":false},"excerpt":{"rendered":"A partir del 22 de Mayo vuelve el torneo base de la Federaci\u00f3n de Tenis de la Regi\u00f3n de Murcia. El Iniciatenis se disputar\u00e1 en cinco zonas en una primera...","protected":false},"author":1,"featured_media":0,"comment_status":"closed","ping_status":"closed","sticky":false,"template":"","format":"standard","meta":{"footnotes":""},"categories":[3,65],"tags":[],"class_list":["post-2533","post","type-post","status-publish","format-standard","category-federacion","category-tenis-base"],"featured_media_src":null,"excerpt_plain":"A partir del 22 de Mayo vuelve el torneo base de la Federaci\u00f3n de Tenis de la Regi\u00f3n de Murcia....","_links":{"self":[{"href":"https:\/\/fedetenismurcia.com\/index.php?rest_route=\/wp\/v2\/posts\/2533","targetHints":{"allow":["GET"]}}],"collection":[{"href":"https:\/\/fedetenismurcia.com\/index.php?rest_route=\/wp\/v2\/posts"}],"about":[{"href":"https:\/\/fedetenismurcia.com\/index.php?rest_route=\/wp\/v2\/types\/post"}],"author":[{"embeddable":true,"href":"https:\/\/fedetenismurcia.com\/index.php?rest_route=\/wp\/v2\/users\/1"}],"replies":[{"embeddable":true,"href":"https:\/\/fedetenismurcia.com\/index.php?rest_route=%2Fwp%2Fv2%2Fcomments&post=2533"}],"version-history":[{"count":0,"href":"https:\/\/fedetenismurcia.com\/index.php?rest_route=\/wp\/v2\/posts\/2533\/revisions"}],"wp:attachment":[{"href":"https:\/\/fedetenismurcia.com\/index.php?rest_route=%2Fwp%2Fv2%2Fmedia&parent=2533"}],"wp:term":[{"taxonomy":"category","embeddable":true,"href":"https:\/\/fedetenismurcia.com\/index.php?rest_route=%2Fwp%2Fv2%2Fcategories&post=2533"},{"taxonomy":"post_tag","embeddable":true,"href":"https:\/\/fedetenismurcia.com\/index.php?rest_route=%2Fwp%2Fv2%2Ftags&post=2533"}],"curies":[{"name":"wp","href":"https:\/\/api.w.org\/{rel}","templated":true}]}}