{"id":2583,"date":"2021-05-17T20:04:47","date_gmt":"2021-05-17T18:04:47","guid":{"rendered":"https:\/\/fedetenismurcia.com\/?p=2583"},"modified":"2021-05-17T20:04:49","modified_gmt":"2021-05-17T18:04:49","slug":"alberto-bermejo-y-ana-alcobas-campeones-del-campeonato-regional-alevin","status":"publish","type":"post","link":"https:\/\/fedetenismurcia.com\/?p=2583","title":{"rendered":"Alberto Bermejo y Ana Alcobas, Campeones del Campeonato Regional Alev\u00edn"},"content":{"rendered":"\n<p class=\"wp-block-paragraph\">En el Yecla Club de Tenis, ha finalizado el Campeonato Regional Alev\u00edn en la categor\u00eda individual y dobles. Este campeonato es clasificatorio para el Campeonato de Espa\u00f1a y los jugadores\/as clasificados han sido tres en categor\u00eda masculina y dos en categor\u00eda femenina.<\/p>\n\n\n\n<p class=\"wp-block-paragraph\">En categor\u00eda masculina han obtenido plaza para el Campeonato de Espa\u00f1a, Alberto Bermejo, que se proclam\u00f3 campe\u00f3n regional, Juan Pedro Alcobas, subcampe\u00f3n regional y Pablo \u00c1lvarez que se clasific\u00f3 en tercer puesto.  En categor\u00eda femenina, Ana Alcobas se alz\u00f3 con el t\u00edtulo de campeona regional y obtuvo su plaza junto a la subcampeona regional Carmen Mu\u00f1oz.<\/p>\n\n\n\n<p class=\"wp-block-paragraph\">En la categor\u00eda de dobles la pareja Andr\u00e9s Belmonte y Pablo \u00c1lvarez obtuvieron su clasificaci\u00f3n para el Campeonato de Espa\u00f1a al igual que Virginia Almendros y Ana Alcobas.<\/p>\n\n\n\n<p class=\"wp-block-paragraph\">A la entrega de trofeos asisti\u00f3 la Alcaldesa de Yecla, D\u00f1a. Remedios L\u00e1jara, el Concejal de Deportes del Ayuntamiento de Yecla, D. Pedro Romero, el Presidente del Yecla Club de Tenis, D. Alfredo Ru\u00edz, y el Presidente de la Federaci\u00f3n de Tenis de la Regi\u00f3n de Murcia, D. Jos\u00e9 Alcolea<\/p>\n\n\n\n<figure class=\"wp-block-image size-large\"><img decoding=\"async\" src=\"https:\/\/fedetenismurcia.com\/wp-content\/uploads\/2020\/documentos\/regionales\/regionales%20individuales\/2021\/alevin\/finalistas.jpg?_t=1621274155\" alt=\"\"\/><figcaption>Entrega de trofeos del Campeonato Regional Alev\u00edn en el Yecla Club de Tenis<\/figcaption><\/figure>\n","protected":false},"excerpt":{"rendered":"<p>En el Yecla Club de Tenis, ha finalizado el Campeonato Regional Alev\u00edn en la categor\u00eda individual y dobles. Este campeonato es clasificatorio para el Campeonato de Espa\u00f1a y los jugadores\/as&#8230;<\/p>\n","protected":false},"author":1,"featured_media":0,"comment_status":"closed","ping_status":"closed","sticky":false,"template":"","format":"standard","meta":{"footnotes":""},"categories":[3,37],"tags":[],"class_list":["post-2583","post","type-post","status-publish","format-standard","category-federacion","category-regionales-juveniles-individuales"],"featured_media_src":null,"excerpt_plain":"En el Yecla Club de Tenis, ha finalizado el Campeonato Regional Alev\u00edn en la categor\u00eda individual y dobles. Este campeonato...","_links":{"self":[{"href":"https:\/\/fedetenismurcia.com\/index.php?rest_route=\/wp\/v2\/posts\/2583","targetHints":{"allow":["GET"]}}],"collection":[{"href":"https:\/\/fedetenismurcia.com\/index.php?rest_route=\/wp\/v2\/posts"}],"about":[{"href":"https:\/\/fedetenismurcia.com\/index.php?rest_route=\/wp\/v2\/types\/post"}],"author":[{"embeddable":true,"href":"https:\/\/fedetenismurcia.com\/index.php?rest_route=\/wp\/v2\/users\/1"}],"replies":[{"embeddable":true,"href":"https:\/\/fedetenismurcia.com\/index.php?rest_route=%2Fwp%2Fv2%2Fcomments&post=2583"}],"version-history":[{"count":0,"href":"https:\/\/fedetenismurcia.com\/index.php?rest_route=\/wp\/v2\/posts\/2583\/revisions"}],"wp:attachment":[{"href":"https:\/\/fedetenismurcia.com\/index.php?rest_route=%2Fwp%2Fv2%2Fmedia&parent=2583"}],"wp:term":[{"taxonomy":"category","embeddable":true,"href":"https:\/\/fedetenismurcia.com\/index.php?rest_route=%2Fwp%2Fv2%2Fcategories&post=2583"},{"taxonomy":"post_tag","embeddable":true,"href":"https:\/\/fedetenismurcia.com\/index.php?rest_route=%2Fwp%2Fv2%2Ftags&post=2583"}],"curies":[{"name":"wp","href":"https:\/\/api.w.org\/{rel}","templated":true}]}}