{"id":2605,"date":"2021-05-22T18:59:15","date_gmt":"2021-05-22T16:59:15","guid":{"rendered":"https:\/\/fedetenismurcia.com\/?p=2605"},"modified":"2021-05-22T18:59:16","modified_gmt":"2021-05-22T16:59:16","slug":"torneo-de-epoca-en-el-club-de-tenis-cartagena","status":"publish","type":"post","link":"https:\/\/fedetenismurcia.com\/?p=2605","title":{"rendered":"Torneo de \u00e9poca en el Club de Tenis Cartagena"},"content":{"rendered":"\n<p>El pasado domingo 16 de mayo se disput\u00f3 en el club de tenis Cartagena, la III edici\u00f3n del Torneo de \u00c9poca jugado con raquetas de madera.\u00a0 Se trataba de revivir los primeros pasos de del deporte del tenis con una similitud exquisita a la hora de la vestimenta de todos los asistentes. Al mismo tiempo se disfrut\u00f3 de un gran ambiente social y de unas pistas de tenis que nos llevaron por momentos a los inicios del siglo XX. Al acto asisti\u00f3 el Vicepresidente de la Federaci\u00f3n de Tenis de la Regi\u00f3n de Murcia, D. Emilio G\u00f3mez.\u00a0<\/p>\n\n\n\n<figure class=\"wp-block-image size-large\"><img decoding=\"async\" src=\"https:\/\/fedetenismurcia.com\/wp-content\/uploads\/2020\/documentos\/imagenes\/noticias\/cartagena%20torneo%20epoca%201.jpg?_t=1621702699\" alt=\"\"\/><\/figure>\n\n\n\n<figure class=\"wp-block-image size-large\"><img decoding=\"async\" src=\"https:\/\/fedetenismurcia.com\/wp-content\/uploads\/2020\/documentos\/imagenes\/noticias\/cartagena%20torneo%20epoca%202.jpg?_t=1621702699\" alt=\"\"\/><\/figure>\n","protected":false},"excerpt":{"rendered":"El pasado domingo 16 de mayo se disput\u00f3 en el club de tenis Cartagena, la III edici\u00f3n del Torneo de \u00c9poca jugado con raquetas de madera.\u00a0 Se trataba de revivir...","protected":false},"author":1,"featured_media":0,"comment_status":"closed","ping_status":"closed","sticky":false,"template":"","format":"standard","meta":{"footnotes":""},"categories":[66],"tags":[],"class_list":["post-2605","post","type-post","status-publish","format-standard","category-torneos-clubes"],"featured_media_src":null,"excerpt_plain":"El pasado domingo 16 de mayo se disput\u00f3 en el club de tenis Cartagena, la III edici\u00f3n del Torneo de...","_links":{"self":[{"href":"https:\/\/fedetenismurcia.com\/index.php?rest_route=\/wp\/v2\/posts\/2605","targetHints":{"allow":["GET"]}}],"collection":[{"href":"https:\/\/fedetenismurcia.com\/index.php?rest_route=\/wp\/v2\/posts"}],"about":[{"href":"https:\/\/fedetenismurcia.com\/index.php?rest_route=\/wp\/v2\/types\/post"}],"author":[{"embeddable":true,"href":"https:\/\/fedetenismurcia.com\/index.php?rest_route=\/wp\/v2\/users\/1"}],"replies":[{"embeddable":true,"href":"https:\/\/fedetenismurcia.com\/index.php?rest_route=%2Fwp%2Fv2%2Fcomments&post=2605"}],"version-history":[{"count":0,"href":"https:\/\/fedetenismurcia.com\/index.php?rest_route=\/wp\/v2\/posts\/2605\/revisions"}],"wp:attachment":[{"href":"https:\/\/fedetenismurcia.com\/index.php?rest_route=%2Fwp%2Fv2%2Fmedia&parent=2605"}],"wp:term":[{"taxonomy":"category","embeddable":true,"href":"https:\/\/fedetenismurcia.com\/index.php?rest_route=%2Fwp%2Fv2%2Fcategories&post=2605"},{"taxonomy":"post_tag","embeddable":true,"href":"https:\/\/fedetenismurcia.com\/index.php?rest_route=%2Fwp%2Fv2%2Ftags&post=2605"}],"curies":[{"name":"wp","href":"https:\/\/api.w.org\/{rel}","templated":true}]}}