{"id":2746,"date":"2021-06-12T09:53:28","date_gmt":"2021-06-12T07:53:28","guid":{"rendered":"https:\/\/fedetenismurcia.com\/?p=2746"},"modified":"2021-06-12T09:54:01","modified_gmt":"2021-06-12T07:54:01","slug":"kike-siscar-y-alejandro-sanchez-representaran-a-la-region-de-murcia-en-los-juegos-paraolimpicos-de-tokio","status":"publish","type":"post","link":"https:\/\/fedetenismurcia.com\/?p=2746","title":{"rendered":"Kike Siscar y Alejandro S\u00e1nchez, representar\u00e1n a la Regi\u00f3n de Murcia en los Juegos Paraol\u00edmpicos de Tokio"},"content":{"rendered":"\n<p>El deporte regional en general y el tenis murciano en particular est\u00e1n de enhorabuena al tener dos representantes en los Juegos Paraol\u00edmpicos de Tokio 2021. Se trata del pachequero Kike Siscar y su entrenador Alejandro S\u00e1nchez Pay. El primero forma parte del equipo espa\u00f1ol de tenis en silla de ruedas formado por Mart\u00edn de la Puente (13), Daniel Caverzaschi (18), Francesc Tur (42). Kike Siscar se encuentra en el puesto 45 del ranking mundial. Por su parte Alejandro S\u00e1nchez Pay ha sido designado capit\u00e1n del Equipo Nacional de tenis en silla de ruedas.<\/p>\n<p>La Federaci\u00f3n de Tenis de la Regi\u00f3n de Murcia da la enhorabuena a nuestros dos representantes por su larga trayectoria, esfuerzo e ilusi\u00f3n en este deporte.<\/p>\n\n\n\n<figure class=\"wp-block-image size-large\"><img decoding=\"async\" src=\"https:\/\/fedetenismurcia.com\/wp-content\/uploads\/2020\/documentos\/noticias\/kike%20y%20alejandro.jpg?_t=1623483882\" alt=\"\"\/><figcaption>Enrique Siscar Meseguer y Alejandro S\u00e1nchez Pay<\/figcaption><\/figure>\n","protected":false},"excerpt":{"rendered":"El deporte regional en general y el tenis murciano en particular est\u00e1n de enhorabuena al tener dos representantes en los Juegos Paraol\u00edmpicos de Tokio 2021. Se trata del pachequero Kike...","protected":false},"author":1,"featured_media":0,"comment_status":"closed","ping_status":"closed","sticky":false,"template":"","format":"standard","meta":{"footnotes":""},"categories":[67],"tags":[],"class_list":["post-2746","post","type-post","status-publish","format-standard","category-tenis-silla-ruedas"],"featured_media_src":null,"excerpt_plain":"El deporte regional en general y el tenis murciano en particular est\u00e1n de enhorabuena al tener dos representantes en los...","_links":{"self":[{"href":"https:\/\/fedetenismurcia.com\/index.php?rest_route=\/wp\/v2\/posts\/2746","targetHints":{"allow":["GET"]}}],"collection":[{"href":"https:\/\/fedetenismurcia.com\/index.php?rest_route=\/wp\/v2\/posts"}],"about":[{"href":"https:\/\/fedetenismurcia.com\/index.php?rest_route=\/wp\/v2\/types\/post"}],"author":[{"embeddable":true,"href":"https:\/\/fedetenismurcia.com\/index.php?rest_route=\/wp\/v2\/users\/1"}],"replies":[{"embeddable":true,"href":"https:\/\/fedetenismurcia.com\/index.php?rest_route=%2Fwp%2Fv2%2Fcomments&post=2746"}],"version-history":[{"count":0,"href":"https:\/\/fedetenismurcia.com\/index.php?rest_route=\/wp\/v2\/posts\/2746\/revisions"}],"wp:attachment":[{"href":"https:\/\/fedetenismurcia.com\/index.php?rest_route=%2Fwp%2Fv2%2Fmedia&parent=2746"}],"wp:term":[{"taxonomy":"category","embeddable":true,"href":"https:\/\/fedetenismurcia.com\/index.php?rest_route=%2Fwp%2Fv2%2Fcategories&post=2746"},{"taxonomy":"post_tag","embeddable":true,"href":"https:\/\/fedetenismurcia.com\/index.php?rest_route=%2Fwp%2Fv2%2Ftags&post=2746"}],"curies":[{"name":"wp","href":"https:\/\/api.w.org\/{rel}","templated":true}]}}