{"id":2770,"date":"2021-06-21T19:01:03","date_gmt":"2021-06-21T17:01:03","guid":{"rendered":"https:\/\/fedetenismurcia.com\/?p=2770"},"modified":"2021-06-21T19:01:59","modified_gmt":"2021-06-21T17:01:59","slug":"finaliza-la-primera-edicion-de-la-liga-de-todos","status":"publish","type":"post","link":"https:\/\/fedetenismurcia.com\/?p=2770","title":{"rendered":"Finaliza la primera edici\u00f3n de La Liga de Todos"},"content":{"rendered":"\n<p>El master final de La Liga de Todos, puso un broche de oro a la primera edici\u00f3n de La Liga de Todos de la Federaci\u00f3n de Tenis de la Regi\u00f3n de Murcia.<\/p>\n<p>Han competido\u00a0 8 grupos de jugadores divididos en cuatro categor\u00edas:<\/p>\n<ul style=\"list-style-type: circle;\">\n<li>Oro Avanzado<\/li>\n<li>Oro Plus Avanzado<\/li>\n<li>Oro Intermedio<\/li>\n<li>Oro Plus Intermedio.<\/li>\n<\/ul>\n<p>La categor\u00eda &#8220;oro&#8221; inclu\u00eda a jugadores entre los 19 y 40 a\u00f1os en los niveles de avanzado e intermedio. La categor\u00eda &#8220;oro plus&#8221; estaba formada por jugadores a partir de los 41 a\u00f1os. La primera fase de la Liga se jug\u00f3 en formato de liga, clasific\u00e1ndose todos los jugadores en funci\u00f3n de sus resultados de la fase regular.\u00a0<\/p>\n<p>El master final se jug\u00f3 en el Club de Tenis Torrepacheco con los siguientes resultados por categor\u00eda:<\/p>\n<ul style=\"list-style-type: circle;\">\n<li>Oro Avanzado: Joaqu\u00edn Molina se impuso a Mois\u00e9s Navarro por 75 62<\/li>\n<li>Oro Plus Avanzado: Juan Jos\u00e9 Floriano a Juli\u00e1n S\u00e1nchez por 64 62<\/li>\n<li>Oro Intermedio: Francisco Iniesta a Alejandro Rodr\u00edguez por 75 64<\/li>\n<li>Oro Plus Intermedio: Sergio Ulbez a Francisco Javier Fern\u00e1ndez por 75 64<\/li>\n<\/ul>\n<p>A la conclusi\u00f3n se procedi\u00f3 a la entrega de trofeos a la que asistieron el Vicepresidente de la Federaci\u00f3n de Tenis de la Regi\u00f3n de Murcia y Presidente del Club de Tenis Torrepacheco, D. Pedro Jos\u00e9 Madrid junto al Presidente de la Federaci\u00f3n de Tenis de la Regi\u00f3n de Murcia, D. Jos\u00e9 Alcolea.<\/p>\n<p>Puedes visitar la p\u00e1gina oficial de La liga de Todos y consultar todos los resultados.<\/p>\n<p>Ya estamos preparando la segunda edici\u00f3n. Os <a href=\"https:\/\/competiciones.fedetenismurcia.com\/es\/\" target=\"_blank\" rel=\"noopener\">esperamos.<\/a><\/p>\n\n\n\n<figure class=\"wp-block-image size-large\"><img decoding=\"async\" src=\"https:\/\/fedetenismurcia.com\/wp-content\/uploads\/2020\/documentos\/la%20liga%20de%20todos\/entrega%20ganadores.jpg?_t=1624221051\" alt=\"\"\/><figcaption>Finalistas de la primera edici\u00f3n de La Liga de Todos<\/figcaption><\/figure>\n","protected":false},"excerpt":{"rendered":"El master final de La Liga de Todos, puso un broche de oro a la primera edici\u00f3n de La Liga de Todos de la Federaci\u00f3n de Tenis de la Regi\u00f3n...","protected":false},"author":1,"featured_media":0,"comment_status":"closed","ping_status":"closed","sticky":false,"template":"","format":"standard","meta":{"footnotes":""},"categories":[45],"tags":[],"class_list":["post-2770","post","type-post","status-publish","format-standard","category-la-liga-de-todos"],"featured_media_src":null,"excerpt_plain":"El master final de La Liga de Todos, puso un broche de oro a la primera edici\u00f3n de La Liga...","_links":{"self":[{"href":"https:\/\/fedetenismurcia.com\/index.php?rest_route=\/wp\/v2\/posts\/2770","targetHints":{"allow":["GET"]}}],"collection":[{"href":"https:\/\/fedetenismurcia.com\/index.php?rest_route=\/wp\/v2\/posts"}],"about":[{"href":"https:\/\/fedetenismurcia.com\/index.php?rest_route=\/wp\/v2\/types\/post"}],"author":[{"embeddable":true,"href":"https:\/\/fedetenismurcia.com\/index.php?rest_route=\/wp\/v2\/users\/1"}],"replies":[{"embeddable":true,"href":"https:\/\/fedetenismurcia.com\/index.php?rest_route=%2Fwp%2Fv2%2Fcomments&post=2770"}],"version-history":[{"count":0,"href":"https:\/\/fedetenismurcia.com\/index.php?rest_route=\/wp\/v2\/posts\/2770\/revisions"}],"wp:attachment":[{"href":"https:\/\/fedetenismurcia.com\/index.php?rest_route=%2Fwp%2Fv2%2Fmedia&parent=2770"}],"wp:term":[{"taxonomy":"category","embeddable":true,"href":"https:\/\/fedetenismurcia.com\/index.php?rest_route=%2Fwp%2Fv2%2Fcategories&post=2770"},{"taxonomy":"post_tag","embeddable":true,"href":"https:\/\/fedetenismurcia.com\/index.php?rest_route=%2Fwp%2Fv2%2Ftags&post=2770"}],"curies":[{"name":"wp","href":"https:\/\/api.w.org\/{rel}","templated":true}]}}