{"id":2869,"date":"2021-07-19T17:29:22","date_gmt":"2021-07-19T15:29:22","guid":{"rendered":"https:\/\/fedetenismurcia.com\/?p=2869"},"modified":"2021-07-19T17:29:46","modified_gmt":"2021-07-19T15:29:46","slug":"la-federacion-de-tenis-de-la-region-de-murcia-prepara-la-nueva-temporada-2021-2022","status":"publish","type":"post","link":"https:\/\/fedetenismurcia.com\/?p=2869","title":{"rendered":"La Federaci\u00f3n de Tenis de la Regi\u00f3n de Murcia prepara la nueva temporada 2021\/2022."},"content":{"rendered":"\n<h3>Una vez que ha concluido gran parte de la temporada 2020\/2021, ya se est\u00e1 preparando las nuevas actividades y competiciones que tendr\u00e1n lugar durante toda la temporada 2021\/2022<\/h3>\n<h3>Se pondr\u00e1 en marcha a partir de septiembre la segunda edici\u00f3n de la Liga de Todos, la nueva actividad de la Federaci\u00f3n dirigida a todos aquellos jugadores y jugadoras amater o de competici\u00f3n a partir de los 19 a\u00f1os de edad. La Liga de Todos se divide en grupos seg\u00fan el nivel de juego y edad, por lo que La Liga acoge a cualquier jugador o jugadora independientemente de su nivel de juego. Se juega en formato de liga y un master final en formato de eliminatoria.<\/h3>\n<h3>Tambi\u00e9n volver\u00e1 a nuestras escuelas de tenis La Liga Interescuelas, suspendida por la pandemia, y el Circuito Base de la Federaci\u00f3n de Tenis que engloba adem\u00e1s de la Liga Interescuelas, el Iniciatenis, el Pequetenis y el Circuito Promesas.<\/h3>\n<h3>En categor\u00eda absoluta se disputar\u00e1n los campeonatos regionales por equipos de primera, segunda divisi\u00f3n y el Campeonato Regional de Veteranos que comenzar\u00e1 a partir del mes de Septiembre.<\/h3>\n<h3>La Federaci\u00f3n de Tenis de la Regi\u00f3n de Murcia, bonificar\u00e1 la obtenci\u00f3n de nuevas licencias en las actividades de la Liga de Todos, la Liga Interescuelas y el Iniciatenis para que todos los jugadores puedan disponer de su licencia a nivel nacional para poder jugar cualquier competici\u00f3n oficial de la Federaci\u00f3n de Tenis de la Regi\u00f3n de Murcia y de la Real Federaci\u00f3n Espa\u00f1ola de Tenis.<\/h3>\n\n\n\n<div class=\"wp-block-image\"><figure class=\"aligncenter size-large\"><img loading=\"lazy\" decoding=\"async\" width=\"300\" height=\"314\" src=\"https:\/\/fedetenismurcia.com\/wp-content\/uploads\/2020\/05\/ORIGINAL-FTRM-SIN-FONDO.png\" alt=\"\" class=\"wp-image-509\" srcset=\"https:\/\/fedetenismurcia.com\/wp-content\/uploads\/2020\/05\/ORIGINAL-FTRM-SIN-FONDO.png 300w, https:\/\/fedetenismurcia.com\/wp-content\/uploads\/2020\/05\/ORIGINAL-FTRM-SIN-FONDO-287x300.png 287w\" sizes=\"auto, (max-width: 300px) 100vw, 300px\" \/><\/figure><\/div>\n","protected":false},"excerpt":{"rendered":"Una vez que ha concluido gran parte de la temporada 2020\/2021, ya se est\u00e1 preparando las nuevas actividades y competiciones que tendr\u00e1n lugar durante toda la temporada 2021\/2022 Se pondr\u00e1...","protected":false},"author":1,"featured_media":0,"comment_status":"closed","ping_status":"closed","sticky":false,"template":"","format":"standard","meta":{"footnotes":""},"categories":[3,1],"tags":[],"class_list":["post-2869","post","type-post","status-publish","format-standard","category-federacion","category-sin-categoria"],"featured_media_src":null,"excerpt_plain":"Una vez que ha concluido gran parte de la temporada 2020\/2021, ya se est\u00e1 preparando las nuevas actividades y competiciones...","_links":{"self":[{"href":"https:\/\/fedetenismurcia.com\/index.php?rest_route=\/wp\/v2\/posts\/2869","targetHints":{"allow":["GET"]}}],"collection":[{"href":"https:\/\/fedetenismurcia.com\/index.php?rest_route=\/wp\/v2\/posts"}],"about":[{"href":"https:\/\/fedetenismurcia.com\/index.php?rest_route=\/wp\/v2\/types\/post"}],"author":[{"embeddable":true,"href":"https:\/\/fedetenismurcia.com\/index.php?rest_route=\/wp\/v2\/users\/1"}],"replies":[{"embeddable":true,"href":"https:\/\/fedetenismurcia.com\/index.php?rest_route=%2Fwp%2Fv2%2Fcomments&post=2869"}],"version-history":[{"count":0,"href":"https:\/\/fedetenismurcia.com\/index.php?rest_route=\/wp\/v2\/posts\/2869\/revisions"}],"wp:attachment":[{"href":"https:\/\/fedetenismurcia.com\/index.php?rest_route=%2Fwp%2Fv2%2Fmedia&parent=2869"}],"wp:term":[{"taxonomy":"category","embeddable":true,"href":"https:\/\/fedetenismurcia.com\/index.php?rest_route=%2Fwp%2Fv2%2Fcategories&post=2869"},{"taxonomy":"post_tag","embeddable":true,"href":"https:\/\/fedetenismurcia.com\/index.php?rest_route=%2Fwp%2Fv2%2Ftags&post=2869"}],"curies":[{"name":"wp","href":"https:\/\/api.w.org\/{rel}","templated":true}]}}