{"id":2891,"date":"2021-07-22T09:11:55","date_gmt":"2021-07-22T07:11:55","guid":{"rendered":"https:\/\/fedetenismurcia.com\/?p=2891"},"modified":"2021-07-22T09:12:03","modified_gmt":"2021-07-22T07:12:03","slug":"lorenzo-martinez-director-general-de-la-rfet","status":"publish","type":"post","link":"https:\/\/fedetenismurcia.com\/?p=2891","title":{"rendered":"Lorenzo Mart\u00ednez, Director General de la RFET"},"content":{"rendered":"\n<p>El tenis de la Regi\u00f3n de Murcia y la Federaci\u00f3n de Tenis de la Regi\u00f3n de Murcia est\u00e1n de enhorabuena al saber que Lorenzo Mart\u00ednez Ru\u00edz, ha sido nombrado recientemente Director General de la Real Federaci\u00f3n Espa\u00f1ola de Tenis.<\/p>\n<p>Lorenzo Mart\u00ednez, siempre ha estado ligado al Tenis Regional en todos sus aspectos. Como jugador y como entrenador con el t\u00edtulo de monitor nacional y el curso de entrenador nacional.\u00a0 En la Federaci\u00f3n de Tenis de la Regi\u00f3n de Murcia, tambi\u00e9n ha desempe\u00f1ado el cargo de vicepresidente y director de relaciones institucionales. Profesionalmente ha podido demostrar su formaci\u00f3n y calidad profesional en los \u00faltimos a\u00f1os en La Manga Club, donde se han desarrollado los eventos ten\u00edsticos m\u00e1s importantes en los \u00faltimos a\u00f1os. En sus instalaciones y bajo la direcci\u00f3n de Lorenzo Mart\u00ednez, se han celebrado eliminatorias de Copa Davis y Copa Federaci\u00f3n, lo que ha situ\u00f3 a nuestro Regi\u00f3n en el epicentro del tenis nacional.<\/p>\n<p>Su amplio curriculum y\u00a0 experiencia profesional, M\u00e1ster en Administraci\u00f3n y Direcci\u00f3n de Empresas, MBA por la Universidad de Negocios Fundesem de Alicante, han hecho posible que Lorenzo Mart\u00ednez ocupe el puesto de Director General de la Real Federaci\u00f3n Espa\u00f1ola de Tenis.<\/p>\n<p>El Tenis Regional felicita a Lorenzo Mart\u00ednez y desde la Federaci\u00f3n de Tenis de la Regi\u00f3n de Murcia, le deseamos lo mejor en su nueva experiencia profesional.\u00a0<\/p>\n\n\n\n<div class=\"wp-block-image\"><figure class=\"aligncenter size-large is-resized\"><img loading=\"lazy\" decoding=\"async\" src=\"https:\/\/fedetenismurcia.com\/wp-content\/uploads\/2020\/documentos\/institucional\/lorenzo%20mart%C3%ADnez.jpg?_t=1626885044\" alt=\"\" width=\"572\" height=\"473\"\/><\/figure><\/div>\n","protected":false},"excerpt":{"rendered":"El tenis de la Regi\u00f3n de Murcia y la Federaci\u00f3n de Tenis de la Regi\u00f3n de Murcia est\u00e1n de enhorabuena al saber que Lorenzo Mart\u00ednez Ru\u00edz, ha sido nombrado recientemente...","protected":false},"author":1,"featured_media":0,"comment_status":"closed","ping_status":"closed","sticky":false,"template":"","format":"standard","meta":{"footnotes":""},"categories":[3,38],"tags":[],"class_list":["post-2891","post","type-post","status-publish","format-standard","category-federacion","category-institucional"],"featured_media_src":null,"excerpt_plain":"El tenis de la Regi\u00f3n de Murcia y la Federaci\u00f3n de Tenis de la Regi\u00f3n de Murcia est\u00e1n de enhorabuena...","_links":{"self":[{"href":"https:\/\/fedetenismurcia.com\/index.php?rest_route=\/wp\/v2\/posts\/2891","targetHints":{"allow":["GET"]}}],"collection":[{"href":"https:\/\/fedetenismurcia.com\/index.php?rest_route=\/wp\/v2\/posts"}],"about":[{"href":"https:\/\/fedetenismurcia.com\/index.php?rest_route=\/wp\/v2\/types\/post"}],"author":[{"embeddable":true,"href":"https:\/\/fedetenismurcia.com\/index.php?rest_route=\/wp\/v2\/users\/1"}],"replies":[{"embeddable":true,"href":"https:\/\/fedetenismurcia.com\/index.php?rest_route=%2Fwp%2Fv2%2Fcomments&post=2891"}],"version-history":[{"count":0,"href":"https:\/\/fedetenismurcia.com\/index.php?rest_route=\/wp\/v2\/posts\/2891\/revisions"}],"wp:attachment":[{"href":"https:\/\/fedetenismurcia.com\/index.php?rest_route=%2Fwp%2Fv2%2Fmedia&parent=2891"}],"wp:term":[{"taxonomy":"category","embeddable":true,"href":"https:\/\/fedetenismurcia.com\/index.php?rest_route=%2Fwp%2Fv2%2Fcategories&post=2891"},{"taxonomy":"post_tag","embeddable":true,"href":"https:\/\/fedetenismurcia.com\/index.php?rest_route=%2Fwp%2Fv2%2Ftags&post=2891"}],"curies":[{"name":"wp","href":"https:\/\/api.w.org\/{rel}","templated":true}]}}