{"id":2921,"date":"2021-07-26T17:11:26","date_gmt":"2021-07-26T15:11:26","guid":{"rendered":"https:\/\/fedetenismurcia.com\/?p=2921"},"modified":"2021-07-26T17:16:19","modified_gmt":"2021-07-26T15:16:19","slug":"carlos-alcaraz-gana-su-primer-torneo-atp-en-croacia","status":"publish","type":"post","link":"https:\/\/fedetenismurcia.com\/?p=2921","title":{"rendered":"Carlos Alcaraz, gana su primer torneo ATP en Croacia"},"content":{"rendered":"\n<p>Nuestro joven tenista, Carlos Alcaraz Garfia, se ha proclamado esta semana, campe\u00f3n del torneo ATP Umag en Croacia.<\/p>\n<p>Se trata de un torneo con premios a repartir por un valor de 250.000 $. Es el primer torneo de esta categor\u00eda que gana el jugador de la Federaci\u00f3n de Tenis de la Regi\u00f3n de Murcia.<\/p>\n<p>Esta semana, Carlos Alcaraz, se encuentra en el puesto n\u00famero 55 de la ATP. En cuanto a jugadores espa\u00f1oles, se encuentra en el puesto n\u00famero 6 de la ATP. Por delante de \u00e9l, figuran jugadores como Rafael Nadal, Pablo Carre\u00f1o, Roberto Bautista, Alejandro Davidovich y Albert Ramos, jugador \u00e9ste \u00faltimo al que se impuso en la final del ATP de Umag.<\/p>\n<p>Carlos Alcaraz, tambi\u00e9n consigue con este triunfo ser unos de los pocos jugadores que con m\u00e1s precocidad han conseguido un t\u00edtulo de esta categor\u00eda:<\/p>\n<p><strong>Campeones m\u00e1s j\u00f3venes de este siglo<\/strong><\/p>\n<table class=\" aligncenter\" style=\"height: 138px; width: 100%; border-collapse: collapse; border-style: solid;\">\n<tbody>\n<tr style=\"height: 23px;\">\n<td style=\"width: 33.3333%; height: 23px; text-align: center; vertical-align: middle;\"><strong>Jugador<\/strong><\/td>\n<td style=\"width: 33.3333%; height: 23px; text-align: center; vertical-align: middle;\"><strong>\u00a0Edad<\/strong><\/td>\n<td style=\"width: 33.3333%; height: 23px; text-align: center; vertical-align: middle;\"><strong>Torneo<\/strong><\/td>\n<\/tr>\n<tr style=\"height: 23px;\">\n<td style=\"width: 33.3333%; height: 23px; text-align: center; vertical-align: middle;\">Kei Nishikori<\/td>\n<td style=\"width: 33.3333%; height: 23px; text-align: center; vertical-align: middle;\">18<\/td>\n<td style=\"width: 33.3333%; height: 23px; text-align: center; vertical-align: middle;\">Delray Beach 2008<\/td>\n<\/tr>\n<tr style=\"height: 23px;\">\n<td style=\"width: 33.3333%; height: 23px; text-align: center; vertical-align: middle;\">Rafael Nadal<\/td>\n<td style=\"width: 33.3333%; height: 23px; text-align: center; vertical-align: middle;\">18<\/td>\n<td style=\"width: 33.3333%; height: 23px; text-align: center; vertical-align: middle;\">Sopot 2004<\/td>\n<\/tr>\n<tr style=\"height: 23px;\">\n<td style=\"width: 33.3333%; height: 23px; text-align: center; vertical-align: middle;\">Carlos Alcaraz<\/td>\n<td style=\"width: 33.3333%; height: 23px; text-align: center; vertical-align: middle;\">18<\/td>\n<td style=\"width: 33.3333%; height: 23px; text-align: center; vertical-align: middle;\">Umag 2021<\/td>\n<\/tr>\n<tr style=\"height: 23px;\">\n<td style=\"width: 33.3333%; height: 23px; text-align: center; vertical-align: middle;\">Andy Roddick<\/td>\n<td style=\"width: 33.3333%; height: 23px; text-align: center; vertical-align: middle;\">18<\/td>\n<td style=\"width: 33.3333%; height: 23px; text-align: center; vertical-align: middle;\">Atlanta 2021<\/td>\n<\/tr>\n<tr style=\"height: 23px;\">\n<td style=\"width: 33.3333%; height: 23px; text-align: center; vertical-align: middle;\">Andy Roddick<\/td>\n<td style=\"width: 33.3333%; height: 23px; text-align: center; vertical-align: middle;\">18<\/td>\n<td style=\"width: 33.3333%; height: 23px; text-align: center; vertical-align: middle;\">Houston 2001<\/td>\n<\/tr>\n<\/tbody>\n<\/table>\n\n\n\n<div style=\"height:163px\" aria-hidden=\"true\" class=\"wp-block-spacer\"><\/div>\n\n\n\n<div class=\"wp-block-image\"><figure class=\"aligncenter size-large is-resized\"><img loading=\"lazy\" decoding=\"async\" src=\"https:\/\/fedetenismurcia.com\/wp-content\/uploads\/2020\/documentos\/noticias\/alcaraz_umag21.jpg?_t=1627312201\" alt=\"\" width=\"518\" height=\"363\"\/><figcaption>Fuente de la imagen: ATP TOUR<\/figcaption><\/figure><\/div>\n","protected":false},"excerpt":{"rendered":"Nuestro joven tenista, Carlos Alcaraz Garfia, se ha proclamado esta semana, campe\u00f3n del torneo ATP Umag en Croacia. Se trata de un torneo con premios a repartir por un valor...","protected":false},"author":1,"featured_media":0,"comment_status":"closed","ping_status":"closed","sticky":false,"template":"","format":"standard","meta":{"footnotes":""},"categories":[41],"tags":[],"class_list":["post-2921","post","type-post","status-publish","format-standard","category-resultados-jugadores"],"featured_media_src":null,"excerpt_plain":"Nuestro joven tenista, Carlos Alcaraz Garfia, se ha proclamado esta semana, campe\u00f3n del torneo ATP Umag en Croacia. Se trata...","_links":{"self":[{"href":"https:\/\/fedetenismurcia.com\/index.php?rest_route=\/wp\/v2\/posts\/2921","targetHints":{"allow":["GET"]}}],"collection":[{"href":"https:\/\/fedetenismurcia.com\/index.php?rest_route=\/wp\/v2\/posts"}],"about":[{"href":"https:\/\/fedetenismurcia.com\/index.php?rest_route=\/wp\/v2\/types\/post"}],"author":[{"embeddable":true,"href":"https:\/\/fedetenismurcia.com\/index.php?rest_route=\/wp\/v2\/users\/1"}],"replies":[{"embeddable":true,"href":"https:\/\/fedetenismurcia.com\/index.php?rest_route=%2Fwp%2Fv2%2Fcomments&post=2921"}],"version-history":[{"count":0,"href":"https:\/\/fedetenismurcia.com\/index.php?rest_route=\/wp\/v2\/posts\/2921\/revisions"}],"wp:attachment":[{"href":"https:\/\/fedetenismurcia.com\/index.php?rest_route=%2Fwp%2Fv2%2Fmedia&parent=2921"}],"wp:term":[{"taxonomy":"category","embeddable":true,"href":"https:\/\/fedetenismurcia.com\/index.php?rest_route=%2Fwp%2Fv2%2Fcategories&post=2921"},{"taxonomy":"post_tag","embeddable":true,"href":"https:\/\/fedetenismurcia.com\/index.php?rest_route=%2Fwp%2Fv2%2Ftags&post=2921"}],"curies":[{"name":"wp","href":"https:\/\/api.w.org\/{rel}","templated":true}]}}