{"id":2969,"date":"2021-08-12T13:54:44","date_gmt":"2021-08-12T11:54:44","guid":{"rendered":"https:\/\/fedetenismurcia.com\/?p=2969"},"modified":"2021-08-12T17:40:50","modified_gmt":"2021-08-12T15:40:50","slug":"kike-siscar-y-alejandro-sanchez-representantes-de-la-federacion-de-tenis-de-la-region-de-murcia-en-tokio-2021","status":"publish","type":"post","link":"https:\/\/fedetenismurcia.com\/?p=2969","title":{"rendered":"Kike Siscar y Alejandro S\u00e1nchez, representantes de la Federaci\u00f3n de Tenis de la Regi\u00f3n de Murcia en Tokio 2021"},"content":{"rendered":"\n<p>La Federaci\u00f3n de Tenis de la Regi\u00f3n de Murcia y la Regi\u00f3n de Murcia, est\u00e1n de enhorabuena al saber que dos de sus deportistas estar\u00e1n en la Olimpiada de Tokio 2021.<\/p>\n<p>Se trata del jugador del Club de Tenis Torrepacheco, Kike Siscar y su entrenador Alejandro S\u00e1nchez Pay. El jugador de Torrepacheco ser\u00e1 integrante del Equipo Nacional Espa\u00f1ol de Tenis en Silla de Ruedas, mientras que su entrenador, ser\u00e1 tambi\u00e9n Capit\u00e1n del Equipo Nacional Espa\u00f1ol de Tenis en Silla de Ruedas. En la actualidad ambos se encuentra preparando las Olimpiadas en el Car de Sant Cugat antes de partir hacia Tokio el pr\u00f3ximo 19 de agosto.<\/p>\n<p>Junto a Kike y Alejandro, el Equipo Espa\u00f1ol, lo componen los siguientes jugadores: <strong>Daniel Javier Caverzaschi Arzola, Mart\u00edn de la Puente Riobo y Francesc Tur Blanch.<\/strong><\/p>\n<p>Suerte al Equipo Nacional y magn\u00edfica noticia para el Tenis Regional. Enhorabuena.<\/p>\n<p>Puedes ver la entrevista que le hicieron en <a href=\"https:\/\/fedetenismurcia.com\/wp-content\/uploads\/2020\/documentos\/imagenes\/videos%20inicio\/entrevista%20Siscar%20Tokio%202021.mp4?_t=1628682390\" target=\"_blank\" rel=\"noopener\">La 7 Regi\u00f3n de Murcia<\/a><\/p>\n\n\n\n<figure class=\"wp-block-image size-large\"><img decoding=\"async\" src=\"https:\/\/fedetenismurcia.com\/wp-content\/uploads\/2020\/documentos\/imagenes\/noticias\/Kike%20Siscar%20y%20Alejandro%20S%C3%A1nchez.jpg?_t=1628782795\" alt=\"\"\/><figcaption>Kike Siscar y Alejandro S\u00e1nchez<\/figcaption><\/figure>\n","protected":false},"excerpt":{"rendered":"La Federaci\u00f3n de Tenis de la Regi\u00f3n de Murcia y la Regi\u00f3n de Murcia, est\u00e1n de enhorabuena al saber que dos de sus deportistas estar\u00e1n en la Olimpiada de Tokio...","protected":false},"author":1,"featured_media":0,"comment_status":"closed","ping_status":"closed","sticky":false,"template":"","format":"standard","meta":{"footnotes":""},"categories":[67],"tags":[],"class_list":["post-2969","post","type-post","status-publish","format-standard","category-tenis-silla-ruedas"],"featured_media_src":null,"excerpt_plain":"La Federaci\u00f3n de Tenis de la Regi\u00f3n de Murcia y la Regi\u00f3n de Murcia, est\u00e1n de enhorabuena al saber que...","_links":{"self":[{"href":"https:\/\/fedetenismurcia.com\/index.php?rest_route=\/wp\/v2\/posts\/2969","targetHints":{"allow":["GET"]}}],"collection":[{"href":"https:\/\/fedetenismurcia.com\/index.php?rest_route=\/wp\/v2\/posts"}],"about":[{"href":"https:\/\/fedetenismurcia.com\/index.php?rest_route=\/wp\/v2\/types\/post"}],"author":[{"embeddable":true,"href":"https:\/\/fedetenismurcia.com\/index.php?rest_route=\/wp\/v2\/users\/1"}],"replies":[{"embeddable":true,"href":"https:\/\/fedetenismurcia.com\/index.php?rest_route=%2Fwp%2Fv2%2Fcomments&post=2969"}],"version-history":[{"count":0,"href":"https:\/\/fedetenismurcia.com\/index.php?rest_route=\/wp\/v2\/posts\/2969\/revisions"}],"wp:attachment":[{"href":"https:\/\/fedetenismurcia.com\/index.php?rest_route=%2Fwp%2Fv2%2Fmedia&parent=2969"}],"wp:term":[{"taxonomy":"category","embeddable":true,"href":"https:\/\/fedetenismurcia.com\/index.php?rest_route=%2Fwp%2Fv2%2Fcategories&post=2969"},{"taxonomy":"post_tag","embeddable":true,"href":"https:\/\/fedetenismurcia.com\/index.php?rest_route=%2Fwp%2Fv2%2Ftags&post=2969"}],"curies":[{"name":"wp","href":"https:\/\/api.w.org\/{rel}","templated":true}]}}