{"id":3003,"date":"2021-09-01T10:15:38","date_gmt":"2021-09-01T08:15:38","guid":{"rendered":"https:\/\/fedetenismurcia.com\/?p=3003"},"modified":"2021-09-01T10:47:12","modified_gmt":"2021-09-01T08:47:12","slug":"abierto-el-plazo-de-inscripcion-de-la-liga-de-todos-2021-2022","status":"publish","type":"post","link":"https:\/\/fedetenismurcia.com\/?p=3003","title":{"rendered":"Abierto el plazo de inscripci\u00f3n de la Liga de Todos 2021\/2022"},"content":{"rendered":"\n<p>La Federaci\u00f3n de Tenis de la Regi\u00f3n de Murcia, pone en marcha la II edici\u00f3n de la <a href=\"https:\/\/fedetenismurcia.com\/la-liga-de-todos-2\/\" target=\"_blank\" rel=\"noopener\">Liga de Todos<\/a>. Tras la buena acogida que tuvo la primera edici\u00f3n, vuelve la Liga de Todos. El plazo de inscripci\u00f3n ya se encuentra abierto hasta el 19 de Septiembre. La inscripci\u00f3n se realizar\u00e1 en el <a href=\"https:\/\/fedetenismurcia.com\/inscripcion-liga-de-todos\/\" target=\"_blank\" rel=\"noopener\">siguiente enlace<\/a>. La Liga de Todos, va dirigida a todos los niveles de juego, desde iniciaci\u00f3n a avanzado tanto en categor\u00eda masculina como femenina.<\/p>\n<p>Se compone de una primera fase en formato de liga distribuida en distintas zonas geogr\u00e1ficas de la Regi\u00f3n y un master final para todos los jugadores\/as participantes.<\/p>\n<p>Todos los participantes tendr\u00e1n de regalo una camiseta que se entregar\u00e1 en el master final<\/p>\n<p>Este a\u00f1o, la Liga de Todos trae las siguientes novedades:<\/p>\n<p>En categor\u00eda femenina, se amplia el rango de edad. Pueden inscribirse aquellas jugadoras nacidas en el a\u00f1o 2005.<\/p>\n<p>Todos los jugadores\/as inscritos podr\u00e1n inscribirse sin cuota de inscripci\u00f3n en uno de los siguientes Campeonatos Regionales: Regional absoluto individual, Regional veteranos\/as +40, y Regional veteranos +50.<\/p>\n<p>\u00a0<\/p>\n\n\n\n<div class=\"wp-block-image\"><figure class=\"aligncenter size-large is-resized\"><a href=\"https:\/\/fedetenismurcia.com\/la-liga-de-todos-2\/\"><img loading=\"lazy\" decoding=\"async\" src=\"https:\/\/fedetenismurcia.com\/wp-content\/uploads\/2020\/documentos\/la%20liga%20de%20todos\/cartel%202021_2022.jpg?_t=1626710971\" alt=\"\" width=\"386\" height=\"546\"\/><\/a><\/figure><\/div>\n","protected":false},"excerpt":{"rendered":"La Federaci\u00f3n de Tenis de la Regi\u00f3n de Murcia, pone en marcha la II edici\u00f3n de la Liga de Todos. Tras la buena acogida que tuvo la primera edici\u00f3n, vuelve...","protected":false},"author":1,"featured_media":0,"comment_status":"closed","ping_status":"closed","sticky":false,"template":"","format":"standard","meta":{"footnotes":""},"categories":[45],"tags":[],"class_list":["post-3003","post","type-post","status-publish","format-standard","category-la-liga-de-todos"],"featured_media_src":null,"excerpt_plain":"La Federaci\u00f3n de Tenis de la Regi\u00f3n de Murcia, pone en marcha la II edici\u00f3n de la Liga de Todos....","_links":{"self":[{"href":"https:\/\/fedetenismurcia.com\/index.php?rest_route=\/wp\/v2\/posts\/3003","targetHints":{"allow":["GET"]}}],"collection":[{"href":"https:\/\/fedetenismurcia.com\/index.php?rest_route=\/wp\/v2\/posts"}],"about":[{"href":"https:\/\/fedetenismurcia.com\/index.php?rest_route=\/wp\/v2\/types\/post"}],"author":[{"embeddable":true,"href":"https:\/\/fedetenismurcia.com\/index.php?rest_route=\/wp\/v2\/users\/1"}],"replies":[{"embeddable":true,"href":"https:\/\/fedetenismurcia.com\/index.php?rest_route=%2Fwp%2Fv2%2Fcomments&post=3003"}],"version-history":[{"count":0,"href":"https:\/\/fedetenismurcia.com\/index.php?rest_route=\/wp\/v2\/posts\/3003\/revisions"}],"wp:attachment":[{"href":"https:\/\/fedetenismurcia.com\/index.php?rest_route=%2Fwp%2Fv2%2Fmedia&parent=3003"}],"wp:term":[{"taxonomy":"category","embeddable":true,"href":"https:\/\/fedetenismurcia.com\/index.php?rest_route=%2Fwp%2Fv2%2Fcategories&post=3003"},{"taxonomy":"post_tag","embeddable":true,"href":"https:\/\/fedetenismurcia.com\/index.php?rest_route=%2Fwp%2Fv2%2Ftags&post=3003"}],"curies":[{"name":"wp","href":"https:\/\/api.w.org\/{rel}","templated":true}]}}