{"id":3058,"date":"2021-09-15T13:29:50","date_gmt":"2021-09-15T11:29:50","guid":{"rendered":"https:\/\/fedetenismurcia.com\/?p=3058"},"modified":"2021-09-15T13:32:28","modified_gmt":"2021-09-15T11:32:28","slug":"en-marcha-el-campeonato-regional-de-veteranos-por-equipos","status":"publish","type":"post","link":"https:\/\/fedetenismurcia.com\/?p=3058","title":{"rendered":"En marcha el Campeonato Regional de Veteranos por equipos"},"content":{"rendered":"\n<p>La Federaci\u00f3n de Tenis de la Regi\u00f3n de Murcia, ha iniciado el Campeonato Regional de Veteranos por Equipos Gran Premio &#8220;Estrella de Levante&#8221; en las categor\u00edas +35, +45 y +55. Precisamente, este a\u00f1o 2021, se incluye la nueva categor\u00eda de +55.\u00a0<\/p>\n<p>Un total de 16 equipos participar\u00e1n entre las distintas categor\u00edas en un Campeonato que comienza a partir del 18 de Septiembre.\u00a0<\/p>\n<table style=\"border-collapse: collapse; width: 100%;\">\n<tbody>\n<tr>\n<td style=\"width: 50%;\"><a href=\"https:\/\/fedetenismurcia.com\/wp-content\/uploads\/2020\/05\/cropped-ORIGINAL-FTRM-SIN-FONDO.png\"><img loading=\"lazy\" decoding=\"async\" class=\"aligncenter size-thumbnail wp-image-1207\" src=\"https:\/\/fedetenismurcia.com\/wp-content\/uploads\/2020\/05\/cropped-ORIGINAL-FTRM-SIN-FONDO-150x150.png\" alt=\"\" width=\"150\" height=\"150\" srcset=\"https:\/\/fedetenismurcia.com\/wp-content\/uploads\/2020\/05\/cropped-ORIGINAL-FTRM-SIN-FONDO-150x150.png 150w, https:\/\/fedetenismurcia.com\/wp-content\/uploads\/2020\/05\/cropped-ORIGINAL-FTRM-SIN-FONDO-300x300.png 300w, https:\/\/fedetenismurcia.com\/wp-content\/uploads\/2020\/05\/cropped-ORIGINAL-FTRM-SIN-FONDO-270x270.png 270w, https:\/\/fedetenismurcia.com\/wp-content\/uploads\/2020\/05\/cropped-ORIGINAL-FTRM-SIN-FONDO-192x192.png 192w, https:\/\/fedetenismurcia.com\/wp-content\/uploads\/2020\/05\/cropped-ORIGINAL-FTRM-SIN-FONDO-180x180.png 180w, https:\/\/fedetenismurcia.com\/wp-content\/uploads\/2020\/05\/cropped-ORIGINAL-FTRM-SIN-FONDO-32x32.png 32w, https:\/\/fedetenismurcia.com\/wp-content\/uploads\/2020\/05\/cropped-ORIGINAL-FTRM-SIN-FONDO.png 512w\" sizes=\"auto, (max-width: 150px) 100vw, 150px\" \/><\/a><\/td>\n<td style=\"width: 50%;\"><a href=\"https:\/\/fedetenismurcia.com\/wp-content\/uploads\/2020\/05\/ESTRELLA-ORIGINAL.jpg\"><img loading=\"lazy\" decoding=\"async\" class=\"aligncenter size-full wp-image-640\" src=\"https:\/\/fedetenismurcia.com\/wp-content\/uploads\/2020\/05\/ESTRELLA-ORIGINAL.jpg\" alt=\"\" width=\"130\" height=\"124\" \/><\/a><\/td>\n<\/tr>\n<\/tbody>\n<\/table>\n","protected":false},"excerpt":{"rendered":"La Federaci\u00f3n de Tenis de la Regi\u00f3n de Murcia, ha iniciado el Campeonato Regional de Veteranos por Equipos Gran Premio \"Estrella de Levante\" en las categor\u00edas +35, +45 y +55....","protected":false},"author":1,"featured_media":0,"comment_status":"closed","ping_status":"closed","sticky":false,"template":"","format":"standard","meta":{"footnotes":""},"categories":[43,1],"tags":[],"class_list":["post-3058","post","type-post","status-publish","format-standard","category-regionales-absolutos-por-equipos","category-sin-categoria"],"featured_media_src":null,"excerpt_plain":"La Federaci\u00f3n de Tenis de la Regi\u00f3n de Murcia, ha iniciado el Campeonato Regional de Veteranos por Equipos Gran Premio...","_links":{"self":[{"href":"https:\/\/fedetenismurcia.com\/index.php?rest_route=\/wp\/v2\/posts\/3058","targetHints":{"allow":["GET"]}}],"collection":[{"href":"https:\/\/fedetenismurcia.com\/index.php?rest_route=\/wp\/v2\/posts"}],"about":[{"href":"https:\/\/fedetenismurcia.com\/index.php?rest_route=\/wp\/v2\/types\/post"}],"author":[{"embeddable":true,"href":"https:\/\/fedetenismurcia.com\/index.php?rest_route=\/wp\/v2\/users\/1"}],"replies":[{"embeddable":true,"href":"https:\/\/fedetenismurcia.com\/index.php?rest_route=%2Fwp%2Fv2%2Fcomments&post=3058"}],"version-history":[{"count":0,"href":"https:\/\/fedetenismurcia.com\/index.php?rest_route=\/wp\/v2\/posts\/3058\/revisions"}],"wp:attachment":[{"href":"https:\/\/fedetenismurcia.com\/index.php?rest_route=%2Fwp%2Fv2%2Fmedia&parent=3058"}],"wp:term":[{"taxonomy":"category","embeddable":true,"href":"https:\/\/fedetenismurcia.com\/index.php?rest_route=%2Fwp%2Fv2%2Fcategories&post=3058"},{"taxonomy":"post_tag","embeddable":true,"href":"https:\/\/fedetenismurcia.com\/index.php?rest_route=%2Fwp%2Fv2%2Ftags&post=3058"}],"curies":[{"name":"wp","href":"https:\/\/api.w.org\/{rel}","templated":true}]}}