{"id":3310,"date":"2021-11-11T10:33:49","date_gmt":"2021-11-11T09:33:49","guid":{"rendered":"https:\/\/fedetenismurcia.com\/?p=3310"},"modified":"2021-11-11T10:33:52","modified_gmt":"2021-11-11T09:33:52","slug":"el-presidente-de-la-federacion-visita-a-la-manga-club","status":"publish","type":"post","link":"https:\/\/fedetenismurcia.com\/?p=3310","title":{"rendered":"El Presidente de la Federaci\u00f3n, visita a La Manga Club"},"content":{"rendered":"\n<p>Dentro de las visitas que el presidente de la Federaci\u00f3n de Tenis de la Regi\u00f3n de Murcia est\u00e1 llevando a cabo por los distintos clubes de la Regi\u00f3n, el pasado mi\u00e9rcoles tuvo la oportunidad de visitar las instalaciones de La Manga Club.<\/p>\n<p>La escuela de tenis del complejo deportivo de La Manga Club va a ser gestionada por Miguel Dios y su equipo de MDZ. Durante la visita, Pepe Alcolea tuvo la ocasi\u00f3n de ver in situ las obras de acondicionamiento de las instalaciones deportivas y de charlar con Miguel Dios sobre los proyectos que ambas instituciones puedan llevar a cabo en un futuro.<\/p>\n<p>\u00a0<\/p>\n\n\n\n<figure class=\"wp-block-image size-large\"><img decoding=\"async\" src=\"https:\/\/fedetenismurcia.com\/wp-content\/uploads\/2020\/documentos\/imagenes\/noticias\/visita%20la%20manga%20club.jpg?_t=1636622879\" alt=\"\"\/><figcaption>El presidente de la Federaci\u00f3n de Tenis de la Regi\u00f3n de Murcia, Jos\u00e9 Alcolea y el Director Deportivo de La Manga Club, Miguel Dios.<\/figcaption><\/figure>\n","protected":false},"excerpt":{"rendered":"Dentro de las visitas que el presidente de la Federaci\u00f3n de Tenis de la Regi\u00f3n de Murcia est\u00e1 llevando a cabo por los distintos clubes de la Regi\u00f3n, el pasado...","protected":false},"author":1,"featured_media":0,"comment_status":"closed","ping_status":"closed","sticky":false,"template":"","format":"standard","meta":{"footnotes":""},"categories":[38],"tags":[],"class_list":["post-3310","post","type-post","status-publish","format-standard","category-institucional"],"featured_media_src":null,"excerpt_plain":"Dentro de las visitas que el presidente de la Federaci\u00f3n de Tenis de la Regi\u00f3n de Murcia est\u00e1 llevando a...","_links":{"self":[{"href":"https:\/\/fedetenismurcia.com\/index.php?rest_route=\/wp\/v2\/posts\/3310","targetHints":{"allow":["GET"]}}],"collection":[{"href":"https:\/\/fedetenismurcia.com\/index.php?rest_route=\/wp\/v2\/posts"}],"about":[{"href":"https:\/\/fedetenismurcia.com\/index.php?rest_route=\/wp\/v2\/types\/post"}],"author":[{"embeddable":true,"href":"https:\/\/fedetenismurcia.com\/index.php?rest_route=\/wp\/v2\/users\/1"}],"replies":[{"embeddable":true,"href":"https:\/\/fedetenismurcia.com\/index.php?rest_route=%2Fwp%2Fv2%2Fcomments&post=3310"}],"version-history":[{"count":0,"href":"https:\/\/fedetenismurcia.com\/index.php?rest_route=\/wp\/v2\/posts\/3310\/revisions"}],"wp:attachment":[{"href":"https:\/\/fedetenismurcia.com\/index.php?rest_route=%2Fwp%2Fv2%2Fmedia&parent=3310"}],"wp:term":[{"taxonomy":"category","embeddable":true,"href":"https:\/\/fedetenismurcia.com\/index.php?rest_route=%2Fwp%2Fv2%2Fcategories&post=3310"},{"taxonomy":"post_tag","embeddable":true,"href":"https:\/\/fedetenismurcia.com\/index.php?rest_route=%2Fwp%2Fv2%2Ftags&post=3310"}],"curies":[{"name":"wp","href":"https:\/\/api.w.org\/{rel}","templated":true}]}}