{"id":3433,"date":"2021-12-03T13:56:04","date_gmt":"2021-12-03T12:56:04","guid":{"rendered":"https:\/\/fedetenismurcia.com\/?p=3433"},"modified":"2021-12-03T13:56:16","modified_gmt":"2021-12-03T12:56:16","slug":"presentado-el-rgional-gran-premio-estrella-de-levante","status":"publish","type":"post","link":"https:\/\/fedetenismurcia.com\/?p=3433","title":{"rendered":"Presentado el Regional Gran Premio &#8220;Estrella de Levante&#8221;"},"content":{"rendered":"\n<p>En el Ayuntamiento de Torre Pacheco se ha presentado el Campeonato Regional Gran Premio Estrella Levante con m\u00e1s de 100 tenistas inscritos en sus distintas categor\u00edas: Absoluto femenino y masculino y Veteranos +40 y +50 masculino.\u00a0<\/p>\n<div class=\"kvgmc6g5 cxmmr5t8 oygrvhab hcukyx3x c1et5uql ii04i59q\">\n<p dir=\"auto\">Al acto de presentaci\u00f3n asistieron <span style=\"color: initial;\">el Alcalde de Torre Pacheco, D. Antonio Le\u00f3n y el Concejal de deportes \u00d3scar Montoya, que acompa\u00f1aban al Presidente de la Federaci\u00f3n de Tenis de la Regi\u00f3n de Murcia, D. Jos\u00e9 Alcolea Heras y al Presidente del Club del Tenis de Torre Pacheco y vicepresidente de la Federaci\u00f3n Murciana de Tenis, D. Pedro Jos\u00e9 Madrid. El Campeonato se disputar\u00e1 en el Club de Tenis Torre Pacheco del 11 al 19 de Diciembre.<\/span><\/p>\n<\/div>\n\n\n\n<figure class=\"wp-block-image size-large\"><img decoding=\"async\" src=\"https:\/\/fedetenismurcia.com\/wp-content\/uploads\/2020\/documentos\/regionales\/regionales%20individuales\/2021\/absoluto\/imagenes\/presen2.jpg?_t=1638536064\" alt=\"\"\/><\/figure>\n","protected":false},"excerpt":{"rendered":"En el Ayuntamiento de Torre Pacheco se ha presentado el Campeonato Regional Gran Premio Estrella Levante con m\u00e1s de 100 tenistas inscritos en sus distintas categor\u00edas: Absoluto femenino y masculino...","protected":false},"author":1,"featured_media":0,"comment_status":"closed","ping_status":"closed","sticky":false,"template":"","format":"standard","meta":{"footnotes":""},"categories":[48],"tags":[],"class_list":["post-3433","post","type-post","status-publish","format-standard","category-regional-absoluto"],"featured_media_src":null,"excerpt_plain":"En el Ayuntamiento de Torre Pacheco se ha presentado el Campeonato Regional Gran Premio Estrella Levante con m\u00e1s de 100...","_links":{"self":[{"href":"https:\/\/fedetenismurcia.com\/index.php?rest_route=\/wp\/v2\/posts\/3433","targetHints":{"allow":["GET"]}}],"collection":[{"href":"https:\/\/fedetenismurcia.com\/index.php?rest_route=\/wp\/v2\/posts"}],"about":[{"href":"https:\/\/fedetenismurcia.com\/index.php?rest_route=\/wp\/v2\/types\/post"}],"author":[{"embeddable":true,"href":"https:\/\/fedetenismurcia.com\/index.php?rest_route=\/wp\/v2\/users\/1"}],"replies":[{"embeddable":true,"href":"https:\/\/fedetenismurcia.com\/index.php?rest_route=%2Fwp%2Fv2%2Fcomments&post=3433"}],"version-history":[{"count":0,"href":"https:\/\/fedetenismurcia.com\/index.php?rest_route=\/wp\/v2\/posts\/3433\/revisions"}],"wp:attachment":[{"href":"https:\/\/fedetenismurcia.com\/index.php?rest_route=%2Fwp%2Fv2%2Fmedia&parent=3433"}],"wp:term":[{"taxonomy":"category","embeddable":true,"href":"https:\/\/fedetenismurcia.com\/index.php?rest_route=%2Fwp%2Fv2%2Fcategories&post=3433"},{"taxonomy":"post_tag","embeddable":true,"href":"https:\/\/fedetenismurcia.com\/index.php?rest_route=%2Fwp%2Fv2%2Ftags&post=3433"}],"curies":[{"name":"wp","href":"https:\/\/api.w.org\/{rel}","templated":true}]}}