{"id":3536,"date":"2022-01-05T10:41:36","date_gmt":"2022-01-05T09:41:36","guid":{"rendered":"https:\/\/fedetenismurcia.com\/?p=3536"},"modified":"2022-01-05T10:41:39","modified_gmt":"2022-01-05T09:41:39","slug":"la-region-gana-protagonismo-en-el-tenis-nacional","status":"publish","type":"post","link":"https:\/\/fedetenismurcia.com\/?p=3536","title":{"rendered":"La Regi\u00f3n gana protagonismo en el tenis nacional"},"content":{"rendered":"\n<p>La prensa Regional (<a href=\"https:\/\/www.laopiniondemurcia.es\/\" target=\"_blank\" rel=\"noopener\">Diario La Opini\u00f3n de Murcia<\/a>), se hace eco del buen papel que se se est\u00e1 haciendo en el panorama ten\u00edstico regional y que queda reflejado a nivel nacional a trav\u00e9s de la Real Federaci\u00f3n Espa\u00f1ola de Tenis.<\/p>\n<p>El Presidente de la Federaci\u00f3n de Tenis de la Regi\u00f3n de Murcia, Jos\u00e9 Alcolea, ocupa un puesto relevante en la Junta Directiva de la Real Federaci\u00f3n Espa\u00f1ola de Tenis como adjunto al Presidente. Lorenzo Mart\u00ednez, que durante muchos a\u00f1os ha estado al frente de la La Manga Club, fue nombrado Director General de la Real Federaci\u00f3n Espa\u00f1ola de Tenis.\u00a0<\/p>\n<p>La mejor jugadora de la Regi\u00f3n de Murcia, la yeclana Maria Jos\u00e9 Mart\u00ednez, ocupa una de las vicepresidencias de la Real Federaci\u00f3n Espa\u00f1ola de Tenis y se encarga de la comisi\u00f3n Mujer-Deporte del Tenis Espa\u00f1ol.<\/p>\n<p>Por \u00faltimo el presidente del Real Murcia Club de Tenis, Antonio Saura, dirige el comit\u00e9 de clubes a nivel nacional, donde se engloban los clubes espa\u00f1oles m\u00e1s importantes.<\/p>\n<p>Sin duda, nuestra Regi\u00f3n, Federaci\u00f3n y nuestros clubes, trabajan d\u00eda a d\u00eda para que nuestros deportistas, t\u00e9cnicos, \u00e1rbitros y clubes est\u00e9n en lo m\u00e1s alto del Tenis Nacional.<\/p>\n<p>Puedes leer la <a href=\"https:\/\/www.laopiniondemurcia.es\/deportes\/2022\/01\/05\/region-gana-protagonismo-tenis-nacional-61271683.html\" target=\"_blank\" rel=\"noopener\">noticia completa en el Diario La Opini\u00f3n de Murcia<\/a><\/p>\n<p><a href=\"https:\/\/fedetenismurcia.com\/wp-content\/uploads\/2020\/05\/cropped-ORIGINAL-FTRM-SIN-FONDO.png\"><img loading=\"lazy\" decoding=\"async\" class=\"aligncenter size-thumbnail wp-image-1207\" src=\"https:\/\/fedetenismurcia.com\/wp-content\/uploads\/2020\/05\/cropped-ORIGINAL-FTRM-SIN-FONDO-150x150.png\" alt=\"\" width=\"150\" height=\"150\" srcset=\"https:\/\/fedetenismurcia.com\/wp-content\/uploads\/2020\/05\/cropped-ORIGINAL-FTRM-SIN-FONDO-150x150.png 150w, https:\/\/fedetenismurcia.com\/wp-content\/uploads\/2020\/05\/cropped-ORIGINAL-FTRM-SIN-FONDO-300x300.png 300w, https:\/\/fedetenismurcia.com\/wp-content\/uploads\/2020\/05\/cropped-ORIGINAL-FTRM-SIN-FONDO-270x270.png 270w, https:\/\/fedetenismurcia.com\/wp-content\/uploads\/2020\/05\/cropped-ORIGINAL-FTRM-SIN-FONDO-192x192.png 192w, https:\/\/fedetenismurcia.com\/wp-content\/uploads\/2020\/05\/cropped-ORIGINAL-FTRM-SIN-FONDO-180x180.png 180w, https:\/\/fedetenismurcia.com\/wp-content\/uploads\/2020\/05\/cropped-ORIGINAL-FTRM-SIN-FONDO-32x32.png 32w, https:\/\/fedetenismurcia.com\/wp-content\/uploads\/2020\/05\/cropped-ORIGINAL-FTRM-SIN-FONDO.png 512w\" sizes=\"auto, (max-width: 150px) 100vw, 150px\" \/><\/a><\/p>\n","protected":false},"excerpt":{"rendered":"La prensa Regional (Diario La Opini\u00f3n de Murcia), se hace eco del buen papel que se se est\u00e1 haciendo en el panorama ten\u00edstico regional y que queda reflejado a nivel...","protected":false},"author":1,"featured_media":0,"comment_status":"closed","ping_status":"closed","sticky":false,"template":"","format":"standard","meta":{"footnotes":""},"categories":[3,38],"tags":[],"class_list":["post-3536","post","type-post","status-publish","format-standard","category-federacion","category-institucional"],"featured_media_src":null,"excerpt_plain":"La prensa Regional (Diario La Opini\u00f3n de Murcia), se hace eco del buen papel que se se est\u00e1 haciendo en...","_links":{"self":[{"href":"https:\/\/fedetenismurcia.com\/index.php?rest_route=\/wp\/v2\/posts\/3536","targetHints":{"allow":["GET"]}}],"collection":[{"href":"https:\/\/fedetenismurcia.com\/index.php?rest_route=\/wp\/v2\/posts"}],"about":[{"href":"https:\/\/fedetenismurcia.com\/index.php?rest_route=\/wp\/v2\/types\/post"}],"author":[{"embeddable":true,"href":"https:\/\/fedetenismurcia.com\/index.php?rest_route=\/wp\/v2\/users\/1"}],"replies":[{"embeddable":true,"href":"https:\/\/fedetenismurcia.com\/index.php?rest_route=%2Fwp%2Fv2%2Fcomments&post=3536"}],"version-history":[{"count":0,"href":"https:\/\/fedetenismurcia.com\/index.php?rest_route=\/wp\/v2\/posts\/3536\/revisions"}],"wp:attachment":[{"href":"https:\/\/fedetenismurcia.com\/index.php?rest_route=%2Fwp%2Fv2%2Fmedia&parent=3536"}],"wp:term":[{"taxonomy":"category","embeddable":true,"href":"https:\/\/fedetenismurcia.com\/index.php?rest_route=%2Fwp%2Fv2%2Fcategories&post=3536"},{"taxonomy":"post_tag","embeddable":true,"href":"https:\/\/fedetenismurcia.com\/index.php?rest_route=%2Fwp%2Fv2%2Ftags&post=3536"}],"curies":[{"name":"wp","href":"https:\/\/api.w.org\/{rel}","templated":true}]}}