{"id":3793,"date":"2022-02-28T13:50:22","date_gmt":"2022-02-28T12:50:22","guid":{"rendered":"https:\/\/fedetenismurcia.com\/?p=3793"},"modified":"2022-02-28T13:50:26","modified_gmt":"2022-02-28T12:50:26","slug":"el-yecla-club-de-tenis-campeon-de-regional-por-equipos-y-asciende-a-primera-division","status":"publish","type":"post","link":"https:\/\/fedetenismurcia.com\/?p=3793","title":{"rendered":"EL YECLA CLUB DE TENIS, CAMPE\u00d3N DE REGIONAL POR EQUIPOS Y ASCIENDE A PRIMERA DIVISI\u00d3N"},"content":{"rendered":"\n<p>Se ha celebrado en el Yecla Club de Tenis, la fase final de ascenso a primera divisi\u00f3n del Campeonato Regional por Equipos Absoluto Masculino. En un ambiente excepcional y en durante toda la jornada del domingo 27 de febrero, en las instalaciones del Yecla Club de Tenis se dieron cita los cuatros equipos que se iban a disputar el ascenso a 1\u00aa Divisi\u00f3n. Las semifinales se jugaron\u00a0 durante la ma\u00f1ana y las finales por la tarde.<\/p>\n<p>En la primera semifinal, enfrentaba al equipo anfitri\u00f3n, contra el Club de Tenis San Javier. En su primera participaci\u00f3n, los de San Javier llevaron la eliminatoria hasta unos emocionantes dobles que se decantaron en favor del Yecla Club de Tenis que venc\u00eda en el total de la eliminatoria por un apretado 4-3.<\/p>\n<p>En la segunda eliminatoria que se disputaba a continuaci\u00f3n, se jugaban el pase a la final, el Club de Tenis Monteagudo y el ICUE de Cartagena. Este \u00faltimo equipo, se impuso por un parcial de 4-1.\u00a0<\/p>\n<p>Despu\u00e9s del par\u00f3n para reponer fuerzas en la comida ofrecida en el Yecla Club de Tenis, llegaba la hora para que el Club de Tenis ICUE de Cartagena y el equipo local jugaran la ansiada final y el puesto de ascenso a primera divisi\u00f3n que otorgaba el puesto de campe\u00f3n.<\/p>\n<p>El Yecla Club de Tenis y el Club de Tenis ICUE de Cartagena, necesitaron los dobles para poner broche a una magn\u00edfica eliminatoria que se decant\u00f3 finalmente para el Yecla Club de Tenis por cinco puntos a dos y hace que el equipo yeclano ascienda a primera divisi\u00f3n. El Club de Tenis ICUE de Cartagena, disputar\u00e1 la promoci\u00f3n contra el Club de Tenis Cieza.\u00a0<\/p>\n<p>A la entrega de trofeos, asisti\u00f3 el presidente del Yecla Club de Tenis, D. Alfredo Ru\u00edz y el presidente de la Federaci\u00f3n de Tenis de la Regi\u00f3n de Murcia, D. Jos\u00e9 Alcolea.<\/p>\n<p>Toda la informaci\u00f3n y resultados en la secci\u00f3n de <a href=\"https:\/\/fedetenismurcia.com\/absoluto-por-equipos-2a-division\/\" target=\"_blank\" rel=\"noopener\">Regional por Equipos de 2\u00aa divisi\u00f3n.<\/a><\/p>\n<p>\u00a0<\/p>\n\n\n\n<div class=\"wp-block-image\"><figure class=\"aligncenter size-large is-resized\"><a href=\"https:\/\/fedetenismurcia.com\/wp-content\/uploads\/2020\/documentos\/regionales\/absoluto%20por%20equipos\/2%20division\/2021\/yecla%20e%20icue.jpg?_t=1646052463\" target=\"_blank\" rel=\"noopener\"><img loading=\"lazy\" decoding=\"async\" src=\"https:\/\/fedetenismurcia.com\/wp-content\/uploads\/2020\/documentos\/regionales\/absoluto%20por%20equipos\/2%20division\/2021\/yecla%20e%20icue.jpg?_t=1646052463\" alt=\"\" width=\"536\" height=\"300\"\/><\/a><figcaption>Equipos del ICUE Cartagena y del Yecla Club de Tenis<\/figcaption><\/figure><\/div>\n","protected":false},"excerpt":{"rendered":"Se ha celebrado en el Yecla Club de Tenis, la fase final de ascenso a primera divisi\u00f3n del Campeonato Regional por Equipos Absoluto Masculino. En un ambiente excepcional y en...","protected":false},"author":1,"featured_media":0,"comment_status":"closed","ping_status":"closed","sticky":false,"template":"","format":"standard","meta":{"footnotes":""},"categories":[43],"tags":[],"class_list":["post-3793","post","type-post","status-publish","format-standard","category-regionales-absolutos-por-equipos"],"featured_media_src":null,"excerpt_plain":"Se ha celebrado en el Yecla Club de Tenis, la fase final de ascenso a primera divisi\u00f3n del Campeonato Regional...","_links":{"self":[{"href":"https:\/\/fedetenismurcia.com\/index.php?rest_route=\/wp\/v2\/posts\/3793","targetHints":{"allow":["GET"]}}],"collection":[{"href":"https:\/\/fedetenismurcia.com\/index.php?rest_route=\/wp\/v2\/posts"}],"about":[{"href":"https:\/\/fedetenismurcia.com\/index.php?rest_route=\/wp\/v2\/types\/post"}],"author":[{"embeddable":true,"href":"https:\/\/fedetenismurcia.com\/index.php?rest_route=\/wp\/v2\/users\/1"}],"replies":[{"embeddable":true,"href":"https:\/\/fedetenismurcia.com\/index.php?rest_route=%2Fwp%2Fv2%2Fcomments&post=3793"}],"version-history":[{"count":0,"href":"https:\/\/fedetenismurcia.com\/index.php?rest_route=\/wp\/v2\/posts\/3793\/revisions"}],"wp:attachment":[{"href":"https:\/\/fedetenismurcia.com\/index.php?rest_route=%2Fwp%2Fv2%2Fmedia&parent=3793"}],"wp:term":[{"taxonomy":"category","embeddable":true,"href":"https:\/\/fedetenismurcia.com\/index.php?rest_route=%2Fwp%2Fv2%2Fcategories&post=3793"},{"taxonomy":"post_tag","embeddable":true,"href":"https:\/\/fedetenismurcia.com\/index.php?rest_route=%2Fwp%2Fv2%2Ftags&post=3793"}],"curies":[{"name":"wp","href":"https:\/\/api.w.org\/{rel}","templated":true}]}}