{"id":4032,"date":"2022-03-22T17:34:32","date_gmt":"2022-03-22T16:34:32","guid":{"rendered":"https:\/\/fedetenismurcia.com\/?p=4032"},"modified":"2022-03-22T17:35:14","modified_gmt":"2022-03-22T16:35:14","slug":"plan-regional-de-turismo-deportivo","status":"publish","type":"post","link":"https:\/\/fedetenismurcia.com\/?p=4032","title":{"rendered":"Plan Regional de Turismo Deportivo"},"content":{"rendered":"\n<p>El Presidente de la Federaci\u00f3n de Tenis de la Regi\u00f3n de Murcia, Jos\u00e9 Alcolea Heras, ha asistido al acto de presentaci\u00f3n del <strong>Plan Regional de Turismo Deportivo <\/strong>celebrado en Cartagena, concretamente en el estadio Cartagonova.\u00a0<\/p>\n<p>Al acto han asistido distintos presidentes de las federaci\u00f3n regionales junto a la alcaldesa de Cartagena,\u00a0<strong>Noelia Arroyo,<\/strong>\u00a0el consejero de Turismo, <strong>Marcos Ortu\u00f1o<\/strong>, el teniente de alcalde de Cartagena, <strong>Manuel Pad\u00edn,\u00a0<\/strong>el director general de Deportes,\u00a0<strong>Fran S\u00e1nchez<\/strong>,\u00a0la concejala de Turismo<strong>, Cristina P\u00e9rez,\u00a0<\/strong>y\u00a0el concejal de Deporte,\u00a0<strong>\u00c1lvaro Vald\u00e9s.<\/strong><\/p>\n<p>El Plan de Turismo Deportivo pretende aprovechar la capacidad que tienen los eventos deportivos para generar visitantes, impulsar el negocio tur\u00edstico, reducir la estacionalidad y promocionar la Regi\u00f3n.<\/p>\n<p><a href=\"https:\/\/fedetenismurcia.com\/wp-content\/uploads\/2020\/documentos\/institucional\/presentaci%C3%B3n%20turismo%202022.jpg?_t=1647966570\"><img loading=\"lazy\" decoding=\"async\" class=\"aligncenter size-medium\" src=\"https:\/\/fedetenismurcia.com\/wp-content\/uploads\/2020\/documentos\/institucional\/presentaci%C3%B3n%20turismo%202022.jpg?_t=1647966570\" width=\"853\" height=\"578\" \/><\/a><\/p>\n","protected":false},"excerpt":{"rendered":"El Presidente de la Federaci\u00f3n de Tenis de la Regi\u00f3n de Murcia, Jos\u00e9 Alcolea Heras, ha asistido al acto de presentaci\u00f3n del Plan Regional de Turismo Deportivo celebrado en Cartagena,...","protected":false},"author":1,"featured_media":0,"comment_status":"closed","ping_status":"closed","sticky":false,"template":"","format":"standard","meta":{"footnotes":""},"categories":[3,38],"tags":[],"class_list":["post-4032","post","type-post","status-publish","format-standard","category-federacion","category-institucional"],"featured_media_src":null,"excerpt_plain":"El Presidente de la Federaci\u00f3n de Tenis de la Regi\u00f3n de Murcia, Jos\u00e9 Alcolea Heras, ha asistido al acto de...","_links":{"self":[{"href":"https:\/\/fedetenismurcia.com\/index.php?rest_route=\/wp\/v2\/posts\/4032","targetHints":{"allow":["GET"]}}],"collection":[{"href":"https:\/\/fedetenismurcia.com\/index.php?rest_route=\/wp\/v2\/posts"}],"about":[{"href":"https:\/\/fedetenismurcia.com\/index.php?rest_route=\/wp\/v2\/types\/post"}],"author":[{"embeddable":true,"href":"https:\/\/fedetenismurcia.com\/index.php?rest_route=\/wp\/v2\/users\/1"}],"replies":[{"embeddable":true,"href":"https:\/\/fedetenismurcia.com\/index.php?rest_route=%2Fwp%2Fv2%2Fcomments&post=4032"}],"version-history":[{"count":0,"href":"https:\/\/fedetenismurcia.com\/index.php?rest_route=\/wp\/v2\/posts\/4032\/revisions"}],"wp:attachment":[{"href":"https:\/\/fedetenismurcia.com\/index.php?rest_route=%2Fwp%2Fv2%2Fmedia&parent=4032"}],"wp:term":[{"taxonomy":"category","embeddable":true,"href":"https:\/\/fedetenismurcia.com\/index.php?rest_route=%2Fwp%2Fv2%2Fcategories&post=4032"},{"taxonomy":"post_tag","embeddable":true,"href":"https:\/\/fedetenismurcia.com\/index.php?rest_route=%2Fwp%2Fv2%2Ftags&post=4032"}],"curies":[{"name":"wp","href":"https:\/\/api.w.org\/{rel}","templated":true}]}}