{"id":4176,"date":"2022-04-11T17:43:27","date_gmt":"2022-04-11T15:43:27","guid":{"rendered":"https:\/\/fedetenismurcia.com\/?p=4176"},"modified":"2022-04-11T17:43:32","modified_gmt":"2022-04-11T15:43:32","slug":"master-del-xxxviii-circuito-promesas-de-la-federacion-de-tenis-de-la-region-de-murcia","status":"publish","type":"post","link":"https:\/\/fedetenismurcia.com\/?p=4176","title":{"rendered":"Master del XXXVIII Circuito Promesas de la Federaci\u00f3n de Tenis de la Regi\u00f3n de Murcia"},"content":{"rendered":"\n<p>El pr\u00f3ximo s\u00e1bado 23 de Abril, comienza el master final del XXXVIII Circuito Promesas de la Federaci\u00f3n de Tenis de la Regi\u00f3n de Murcia. El master se jugar\u00e1 en las instalaciones de la Real Sociedad Club de Campo de Murcia. Al master se clasifican los 12 mejores jugadores y las 8 mejores jugadoras con mejor puntuaci\u00f3n del Circuito y que est\u00e9n inscritos al circuito completo.<\/p>\n<p>La finales, entrega de trofeos y material deportivo ser\u00e1 el domingo 1 de Mayo. Habr\u00e1 premios para los cuatro primeros jugadores\/as de la clasificaci\u00f3n final del Circuito de todas las categor\u00edas.<\/p>\n<p>Los vales en material deportivo deber\u00e1n canjearse en la tienda de deportes de Torre Pacheco &#8220;Deportes Roman&#8221;. La fecha l\u00edmite para canjear dichos vales ser\u00e1 el 30 de junio. Pasada esta fecha, no se admitir\u00e1n los vales ni se canjear\u00e1n por su valor en met\u00e1lico.<\/p>\n<p>En la 3 fase del Circuito contamos con la presencia de la tenista yeclana Maria Jos\u00e9 Mart\u00ednez, que hizo entrega de trofeos junto a Andr\u00e9s Escoda a las finalistas alevines.<\/p>\n<div style=\"width: 620px\" class=\"wp-caption aligncenter\"><a href=\"https:\/\/fedetenismurcia.com\/wp-content\/uploads\/2020\/documentos\/promesas\/2022\/imagenes\/finalistas%20alevin%20femenino%20yecla%203%20FASE.jpg?_t=1649691625\"><img loading=\"lazy\" decoding=\"async\" src=\"https:\/\/fedetenismurcia.com\/wp-content\/uploads\/2020\/documentos\/promesas\/2022\/imagenes\/finalistas%20alevin%20femenino%20yecla%203%20FASE.jpg?_t=1649691625\" alt=\"\" width=\"610\" height=\"612\" \/><\/a><p class=\"wp-caption-text\">Mar\u00eda Jos\u00e9 Mart\u00ednez, junto a las finalistas y Andr\u00e9s Escoda de la 3 fase celebrada en el Yecla Club de Tenis.<\/p><\/div>\n<p>\u00a0<\/p>\n<p>\u00a0<\/p>\n\n\n\n<p class=\"wp-block-paragraph\"><\/p>\n","protected":false},"excerpt":{"rendered":"El pr\u00f3ximo s\u00e1bado 23 de Abril, comienza el master final del XXXVIII Circuito Promesas de la Federaci\u00f3n de Tenis de la Regi\u00f3n de Murcia. El master se jugar\u00e1 en las...","protected":false},"author":1,"featured_media":0,"comment_status":"closed","ping_status":"closed","sticky":false,"template":"","format":"standard","meta":{"footnotes":""},"categories":[49,3],"tags":[],"class_list":["post-4176","post","type-post","status-publish","format-standard","category-circuito-promesas","category-federacion"],"featured_media_src":null,"excerpt_plain":"El pr\u00f3ximo s\u00e1bado 23 de Abril, comienza el master final del XXXVIII Circuito Promesas de la Federaci\u00f3n de Tenis de...","_links":{"self":[{"href":"https:\/\/fedetenismurcia.com\/index.php?rest_route=\/wp\/v2\/posts\/4176","targetHints":{"allow":["GET"]}}],"collection":[{"href":"https:\/\/fedetenismurcia.com\/index.php?rest_route=\/wp\/v2\/posts"}],"about":[{"href":"https:\/\/fedetenismurcia.com\/index.php?rest_route=\/wp\/v2\/types\/post"}],"author":[{"embeddable":true,"href":"https:\/\/fedetenismurcia.com\/index.php?rest_route=\/wp\/v2\/users\/1"}],"replies":[{"embeddable":true,"href":"https:\/\/fedetenismurcia.com\/index.php?rest_route=%2Fwp%2Fv2%2Fcomments&post=4176"}],"version-history":[{"count":0,"href":"https:\/\/fedetenismurcia.com\/index.php?rest_route=\/wp\/v2\/posts\/4176\/revisions"}],"wp:attachment":[{"href":"https:\/\/fedetenismurcia.com\/index.php?rest_route=%2Fwp%2Fv2%2Fmedia&parent=4176"}],"wp:term":[{"taxonomy":"category","embeddable":true,"href":"https:\/\/fedetenismurcia.com\/index.php?rest_route=%2Fwp%2Fv2%2Fcategories&post=4176"},{"taxonomy":"post_tag","embeddable":true,"href":"https:\/\/fedetenismurcia.com\/index.php?rest_route=%2Fwp%2Fv2%2Ftags&post=4176"}],"curies":[{"name":"wp","href":"https:\/\/api.w.org\/{rel}","templated":true}]}}