{"id":4219,"date":"2022-04-18T09:17:03","date_gmt":"2022-04-18T07:17:03","guid":{"rendered":"https:\/\/fedetenismurcia.com\/?p=4219"},"modified":"2022-04-18T09:17:08","modified_gmt":"2022-04-18T07:17:08","slug":"campeonato-de-veteranos-individual","status":"publish","type":"post","link":"https:\/\/fedetenismurcia.com\/?p=4219","title":{"rendered":"Campeonato de Veteranos Individual"},"content":{"rendered":"\n<p>La Federaci\u00f3n de Tenis de la Regi\u00f3n de Murcia va a celebrar el Campeonato Individual de veteranos\/as de la Regi\u00f3n de Murcia en las categor\u00edas +45,+55 y +65 y que ser\u00e1 clasificatorio para el Campeonato de Espa\u00f1a de Comunidades Aut\u00f3nomas.<\/p>\n<p>La fase clasificatoria se va a celebrar en el Club de Tenis Torrepacheco del 6 al 14 de Mayo de 2022. La fase final se disputar\u00e1 en Mallorca, en Sa Font de Sa Cala (Mallorca) del 9 al 12 de Junio de 2022.<\/p>\n<p>Los campeones y campeonas de cada categor\u00eda se clasificar\u00e1n para formar parte del equipo de la Federaci\u00f3n de Tenis de la Regi\u00f3n de Murcia en el Campeonato de Espa\u00f1a de Comunidades Aut\u00f3nomas.<\/p>\n<p>El plazo de inscripci\u00f3n para la fase regional finalizar\u00e1 el jueves 28 de abril de 2022 a las 14 horas. Toda la informaci\u00f3n y formalizaci\u00f3n de la inscripci\u00f3n, se puede hacer en el siguiente <a href=\"https:\/\/fedetenismurcia.com\/individuales-veteranos-as\/\" target=\"_blank\" rel=\"noopener\">enlace.<\/a><\/p>\n\n\n\n<div class=\"wp-block-image\"><figure class=\"aligncenter size-large\"><a href=\"https:\/\/fedetenismurcia.com\/individuales-veteranos-as\/\" target=\"_blank\" rel=\"noopener\"><img decoding=\"async\" src=\"https:\/\/fedetenismurcia.com\/wp-content\/uploads\/2020\/documentos\/regionales\/veteranos\/2022\/ccaa\/veteranos%20ccaa%202022.jpg?_t=1650266135\" alt=\"\"\/><\/a><\/figure><\/div>\n","protected":false},"excerpt":{"rendered":"La Federaci\u00f3n de Tenis de la Regi\u00f3n de Murcia va a celebrar el Campeonato Individual de veteranos\/as de la Regi\u00f3n de Murcia en las categor\u00edas +45,+55 y +65 y que...","protected":false},"author":1,"featured_media":0,"comment_status":"closed","ping_status":"closed","sticky":false,"template":"","format":"standard","meta":{"footnotes":""},"categories":[69],"tags":[],"class_list":["post-4219","post","type-post","status-publish","format-standard","category-regional-por-equipos-veteranos"],"featured_media_src":null,"excerpt_plain":"La Federaci\u00f3n de Tenis de la Regi\u00f3n de Murcia va a celebrar el Campeonato Individual de veteranos\/as de la Regi\u00f3n...","_links":{"self":[{"href":"https:\/\/fedetenismurcia.com\/index.php?rest_route=\/wp\/v2\/posts\/4219","targetHints":{"allow":["GET"]}}],"collection":[{"href":"https:\/\/fedetenismurcia.com\/index.php?rest_route=\/wp\/v2\/posts"}],"about":[{"href":"https:\/\/fedetenismurcia.com\/index.php?rest_route=\/wp\/v2\/types\/post"}],"author":[{"embeddable":true,"href":"https:\/\/fedetenismurcia.com\/index.php?rest_route=\/wp\/v2\/users\/1"}],"replies":[{"embeddable":true,"href":"https:\/\/fedetenismurcia.com\/index.php?rest_route=%2Fwp%2Fv2%2Fcomments&post=4219"}],"version-history":[{"count":0,"href":"https:\/\/fedetenismurcia.com\/index.php?rest_route=\/wp\/v2\/posts\/4219\/revisions"}],"wp:attachment":[{"href":"https:\/\/fedetenismurcia.com\/index.php?rest_route=%2Fwp%2Fv2%2Fmedia&parent=4219"}],"wp:term":[{"taxonomy":"category","embeddable":true,"href":"https:\/\/fedetenismurcia.com\/index.php?rest_route=%2Fwp%2Fv2%2Fcategories&post=4219"},{"taxonomy":"post_tag","embeddable":true,"href":"https:\/\/fedetenismurcia.com\/index.php?rest_route=%2Fwp%2Fv2%2Ftags&post=4219"}],"curies":[{"name":"wp","href":"https:\/\/api.w.org\/{rel}","templated":true}]}}