{"id":4531,"date":"2022-05-20T08:33:20","date_gmt":"2022-05-20T06:33:20","guid":{"rendered":"https:\/\/fedetenismurcia.com\/?p=4531"},"modified":"2022-05-20T08:34:09","modified_gmt":"2022-05-20T06:34:09","slug":"junta-directiva-con-el-director-general-de-deportes","status":"publish","type":"post","link":"https:\/\/fedetenismurcia.com\/?p=4531","title":{"rendered":"Junta Directiva con el Director General de Deportes"},"content":{"rendered":"\n<p>La Junta Directiva de la Federaci\u00f3n de Tenis de la Regi\u00f3n de Murcia, se reuni\u00f3 este jueves en su sede social con el Director General de Deportes de la Comunidad Aut\u00f3noma de la Regi\u00f3n de Murcia, Fran S\u00e1nchez.\u00a0<\/p>\n<p>El Director General, tuvo la oportunidad de conocer de primera mano los asuntos m\u00e1s importantes e inquietudes en el funcionamiento diario de la Federaci\u00f3n. Entre otros temas que fueron tratados en la Junta Directiva, destacan el estudio realizado para la evoluci\u00f3n de las licencias en nuestros clubes, las diversas actividades y competiciones deportivas que se han llevado o se est\u00e1n llevando acabo, las becas para jugadores\/as de la Federaci\u00f3n, la situaci\u00f3n econ\u00f3mica de la Federaci\u00f3n,\u00a0 los programas de tecnificaci\u00f3n a desarrollar conjuntamente con la Direcci\u00f3n General de Deportes y el seguimiento del Centro de Tecnificaci\u00f3n de la Federaci\u00f3n de Tenis de la Regi\u00f3n de Murcia y sus jugadores m\u00e1s destacados\/as.<\/p>\n<p>Desde la Federaci\u00f3n de Tenis de la Regi\u00f3n de Murcia, queremos agradecer la presencia e inter\u00e9s mostrado por el Director General hacia la Federaci\u00f3n de Tenis de la Regi\u00f3n de Murcia.<\/p>\n\n\n\n<div class=\"wp-block-image\"><figure class=\"aligncenter size-large is-resized\"><img loading=\"lazy\" decoding=\"async\" src=\"https:\/\/fedetenismurcia.com\/wp-content\/uploads\/2020\/documentos\/imagenes\/noticias\/junta%20directiva%202022%20director%20general_2.jpg?_t=1653027900\" alt=\"\" width=\"640\" height=\"369\"\/><\/figure><\/div>\n\n\n\n<div class=\"wp-block-image\"><figure class=\"aligncenter size-large is-resized\"><img loading=\"lazy\" decoding=\"async\" src=\"https:\/\/fedetenismurcia.com\/wp-content\/uploads\/2020\/documentos\/imagenes\/noticias\/junta%20directiva%202022%20director%20general_1.jpg?_t=1653027900\" alt=\"\" width=\"632\" height=\"454\"\/><\/figure><\/div>\n","protected":false},"excerpt":{"rendered":"La Junta Directiva de la Federaci\u00f3n de Tenis de la Regi\u00f3n de Murcia, se reuni\u00f3 este jueves en su sede social con el Director General de Deportes de la Comunidad...","protected":false},"author":1,"featured_media":0,"comment_status":"closed","ping_status":"closed","sticky":false,"template":"","format":"standard","meta":{"footnotes":""},"categories":[3,38],"tags":[],"class_list":["post-4531","post","type-post","status-publish","format-standard","category-federacion","category-institucional"],"featured_media_src":null,"excerpt_plain":"La Junta Directiva de la Federaci\u00f3n de Tenis de la Regi\u00f3n de Murcia, se reuni\u00f3 este jueves en su sede...","_links":{"self":[{"href":"https:\/\/fedetenismurcia.com\/index.php?rest_route=\/wp\/v2\/posts\/4531","targetHints":{"allow":["GET"]}}],"collection":[{"href":"https:\/\/fedetenismurcia.com\/index.php?rest_route=\/wp\/v2\/posts"}],"about":[{"href":"https:\/\/fedetenismurcia.com\/index.php?rest_route=\/wp\/v2\/types\/post"}],"author":[{"embeddable":true,"href":"https:\/\/fedetenismurcia.com\/index.php?rest_route=\/wp\/v2\/users\/1"}],"replies":[{"embeddable":true,"href":"https:\/\/fedetenismurcia.com\/index.php?rest_route=%2Fwp%2Fv2%2Fcomments&post=4531"}],"version-history":[{"count":0,"href":"https:\/\/fedetenismurcia.com\/index.php?rest_route=\/wp\/v2\/posts\/4531\/revisions"}],"wp:attachment":[{"href":"https:\/\/fedetenismurcia.com\/index.php?rest_route=%2Fwp%2Fv2%2Fmedia&parent=4531"}],"wp:term":[{"taxonomy":"category","embeddable":true,"href":"https:\/\/fedetenismurcia.com\/index.php?rest_route=%2Fwp%2Fv2%2Fcategories&post=4531"},{"taxonomy":"post_tag","embeddable":true,"href":"https:\/\/fedetenismurcia.com\/index.php?rest_route=%2Fwp%2Fv2%2Ftags&post=4531"}],"curies":[{"name":"wp","href":"https:\/\/api.w.org\/{rel}","templated":true}]}}