{"id":4657,"date":"2022-06-06T12:37:30","date_gmt":"2022-06-06T10:37:30","guid":{"rendered":"https:\/\/fedetenismurcia.com\/?p=4657"},"modified":"2022-06-06T12:37:35","modified_gmt":"2022-06-06T10:37:35","slug":"angel-alonso-campeon-de-espana-individual-de-veteranos-35","status":"publish","type":"post","link":"https:\/\/fedetenismurcia.com\/?p=4657","title":{"rendered":"\u00c1ngel Alonso, Campe\u00f3n de Espa\u00f1a Individual de Veteranos +35"},"content":{"rendered":"\n<p>El tenista del Yecla Club de Tenis, \u00c1ngel Alonso Campos, se ha proclamo Campe\u00f3n de Espa\u00f1a Individual de Veteranos en la categor\u00eda +35. El Campeonato se ha disputado en las instalaciones de la\u00a0Rafa Nadal Academy de Manacor.\u00a0<\/p>\n<p>Angel Alonso, que no part\u00eda como cabeza de serie en el cuadro, elimin\u00f3 al cabeza de serie n\u00famero del Campeonato, Baena Mar\u00edn, en tres apretados sets que finalmente se decidieron a favor de Angel Alonso.<\/p>\n<p>Posteriormente, venci\u00f3 al cabeza de serie n\u00famero cuatro del cuadro y en la final se impuso tambi\u00e9n en tres sets a Rub\u00e9n Castillo Boluda y se proclam\u00f3 Campe\u00f3n de Espa\u00f1a.<\/p>\n<p>Angel Alonso ha sido un gran jugador en categor\u00edas juveniles y tambi\u00e9n ha participado en numerosas competiciones ATP internacionales. Hab\u00eda conseguido tambi\u00e9n el titulo de Campe\u00f3n de Espa\u00f1a por Equipos de Veteranos +35 y ahora suma un nuevo t\u00edtulo a su palmar\u00e9s<\/p>\n<p>\u00a0<\/p>\n\n\n\n<div class=\"wp-block-image\"><figure class=\"aligncenter size-large is-resized\"><img loading=\"lazy\" decoding=\"async\" src=\"https:\/\/fedetenismurcia.com\/wp-content\/uploads\/2020\/documentos\/imagenes\/noticias\/angel%20alonso%202022.jpg?_t=1654511771\" alt=\"\" width=\"628\" height=\"781\"\/><figcaption>Angel Alonso (Izquierda) en la entrega de trofeos.<\/figcaption><\/figure><\/div>\n","protected":false},"excerpt":{"rendered":"El tenista del Yecla Club de Tenis, \u00c1ngel Alonso Campos, se ha proclamo Campe\u00f3n de Espa\u00f1a Individual de Veteranos en la categor\u00eda +35. El Campeonato se ha disputado en las...","protected":false},"author":1,"featured_media":0,"comment_status":"closed","ping_status":"closed","sticky":false,"template":"","format":"standard","meta":{"footnotes":""},"categories":[41],"tags":[],"class_list":["post-4657","post","type-post","status-publish","format-standard","category-resultados-jugadores"],"featured_media_src":null,"excerpt_plain":"El tenista del Yecla Club de Tenis, \u00c1ngel Alonso Campos, se ha proclamo Campe\u00f3n de Espa\u00f1a Individual de Veteranos en...","_links":{"self":[{"href":"https:\/\/fedetenismurcia.com\/index.php?rest_route=\/wp\/v2\/posts\/4657","targetHints":{"allow":["GET"]}}],"collection":[{"href":"https:\/\/fedetenismurcia.com\/index.php?rest_route=\/wp\/v2\/posts"}],"about":[{"href":"https:\/\/fedetenismurcia.com\/index.php?rest_route=\/wp\/v2\/types\/post"}],"author":[{"embeddable":true,"href":"https:\/\/fedetenismurcia.com\/index.php?rest_route=\/wp\/v2\/users\/1"}],"replies":[{"embeddable":true,"href":"https:\/\/fedetenismurcia.com\/index.php?rest_route=%2Fwp%2Fv2%2Fcomments&post=4657"}],"version-history":[{"count":0,"href":"https:\/\/fedetenismurcia.com\/index.php?rest_route=\/wp\/v2\/posts\/4657\/revisions"}],"wp:attachment":[{"href":"https:\/\/fedetenismurcia.com\/index.php?rest_route=%2Fwp%2Fv2%2Fmedia&parent=4657"}],"wp:term":[{"taxonomy":"category","embeddable":true,"href":"https:\/\/fedetenismurcia.com\/index.php?rest_route=%2Fwp%2Fv2%2Fcategories&post=4657"},{"taxonomy":"post_tag","embeddable":true,"href":"https:\/\/fedetenismurcia.com\/index.php?rest_route=%2Fwp%2Fv2%2Ftags&post=4657"}],"curies":[{"name":"wp","href":"https:\/\/api.w.org\/{rel}","templated":true}]}}