{"id":4676,"date":"2022-06-07T19:32:08","date_gmt":"2022-06-07T17:32:08","guid":{"rendered":"https:\/\/fedetenismurcia.com\/?p=4676"},"modified":"2026-01-09T14:36:39","modified_gmt":"2026-01-09T13:36:39","slug":"curro-ruiz-juez-arbitro-en-el-campeonato-de-espana-de-veteranos-as","status":"publish","type":"post","link":"https:\/\/fedetenismurcia.com\/?p=4676","title":{"rendered":"Curro Ru\u00edz, Juez \u00c1rbitro en el Campeonato de Espa\u00f1a de Veteranos\/as"},"content":{"rendered":"\r\n<p>En la Rafa Nadal Academy se ha celebrado el Campeonato de Espa\u00f1a de Veteranos\/as con la participaci\u00f3n de cerca de 700 jugadores repartidos entre las diferentes categor\u00edas.<\/p>\r\n<p>Curro Ru\u00edz, \u00e1rbitro de la Federaci\u00f3n de Tenis de la Regi\u00f3n de Murcia, ha sido el Juez \u00c1rbitro de este Campeonato, donde todo el Campeonato ha transcurrido con absoluta normalidad.<\/p>\r\n\r\n\r\n\r\n<div class=\"wp-block-image\">\r\n<figure class=\"aligncenter size-large is-resized\"><img loading=\"lazy\" decoding=\"async\" src=\"https:\/\/fedetenismurcia.com\/wp-content\/uploads\/2020\/documentos\/imagenes\/noticias\/curro%20ruiz%202022.jpg?_t=1654623084\" alt=\"\" width=\"630\" height=\"880\" \/><\/figure>\r\n<\/div>\r\n","protected":false},"excerpt":{"rendered":"En la Rafa Nadal Academy se ha celebrado el Campeonato de Espa\u00f1a de Veteranos\/as con la participaci\u00f3n de cerca de 700 jugadores repartidos entre las diferentes categor\u00edas. Curro Ru\u00edz, \u00e1rbitro...","protected":false},"author":1,"featured_media":10172,"comment_status":"closed","ping_status":"closed","sticky":false,"template":"","format":"standard","meta":{"footnotes":""},"categories":[47],"tags":[],"class_list":["post-4676","post","type-post","status-publish","format-standard","has-post-thumbnail","category-arbitraje"],"featured_media_src":"https:\/\/fedetenismurcia.com\/wp-content\/uploads\/2022\/06\/curro-ruiz-2022-732x1024.jpg","excerpt_plain":"En la Rafa Nadal Academy se ha celebrado el Campeonato de Espa\u00f1a de Veteranos\/as con la participaci\u00f3n de cerca de...","_links":{"self":[{"href":"https:\/\/fedetenismurcia.com\/index.php?rest_route=\/wp\/v2\/posts\/4676","targetHints":{"allow":["GET"]}}],"collection":[{"href":"https:\/\/fedetenismurcia.com\/index.php?rest_route=\/wp\/v2\/posts"}],"about":[{"href":"https:\/\/fedetenismurcia.com\/index.php?rest_route=\/wp\/v2\/types\/post"}],"author":[{"embeddable":true,"href":"https:\/\/fedetenismurcia.com\/index.php?rest_route=\/wp\/v2\/users\/1"}],"replies":[{"embeddable":true,"href":"https:\/\/fedetenismurcia.com\/index.php?rest_route=%2Fwp%2Fv2%2Fcomments&post=4676"}],"version-history":[{"count":0,"href":"https:\/\/fedetenismurcia.com\/index.php?rest_route=\/wp\/v2\/posts\/4676\/revisions"}],"wp:featuredmedia":[{"embeddable":true,"href":"https:\/\/fedetenismurcia.com\/index.php?rest_route=\/wp\/v2\/media\/10172"}],"wp:attachment":[{"href":"https:\/\/fedetenismurcia.com\/index.php?rest_route=%2Fwp%2Fv2%2Fmedia&parent=4676"}],"wp:term":[{"taxonomy":"category","embeddable":true,"href":"https:\/\/fedetenismurcia.com\/index.php?rest_route=%2Fwp%2Fv2%2Fcategories&post=4676"},{"taxonomy":"post_tag","embeddable":true,"href":"https:\/\/fedetenismurcia.com\/index.php?rest_route=%2Fwp%2Fv2%2Ftags&post=4676"}],"curies":[{"name":"wp","href":"https:\/\/api.w.org\/{rel}","templated":true}]}}