{"id":4736,"date":"2022-06-23T17:37:49","date_gmt":"2022-06-23T15:37:49","guid":{"rendered":"https:\/\/fedetenismurcia.com\/?p=4736"},"modified":"2022-06-23T17:41:01","modified_gmt":"2022-06-23T15:41:01","slug":"abierto-el-plazo-de-inscripcion-del-campeonato-regional-junior","status":"publish","type":"post","link":"https:\/\/fedetenismurcia.com\/?p=4736","title":{"rendered":"Abierto el plazo de inscripci\u00f3n del Campeonato Regional Junior"},"content":{"rendered":"\n<p>La Federaci\u00f3n de Tenis de la Regi\u00f3n de Murcia, pone en marcha el \u00faltimo de los campeonatos regionales juveniles individuales del a\u00f1o 2022. Se trata del Campeonato Regional Junior que se disputar\u00e1 en el Club de Tenis Cieza del 11 al 17 de Julio. El campe\u00f3n\/a obtendr\u00e1n la plaza directa para disputar el Campeonato de Espa\u00f1a Junior. <a href=\"https:\/\/fedetenismurcia.com\/individuales-juveniles\/\" target=\"_blank\" rel=\"noopener\">Mas informaci\u00f3n e inscripci\u00f3n.<\/a><\/p>\n\n\n\n<div class=\"wp-block-image\"><figure class=\"aligncenter size-large is-resized\"><a href=\"https:\/\/fedetenismurcia.com\/wp-content\/uploads\/2020\/documentos\/regionales\/regionales%20individuales\/2022\/junior\/junior%202022.jpg?_t=1655998813\" target=\"_blank\" rel=\"noopener\"><img loading=\"lazy\" decoding=\"async\" src=\"https:\/\/fedetenismurcia.com\/wp-content\/uploads\/2020\/documentos\/regionales\/regionales%20individuales\/2022\/junior\/junior%202022.jpg?_t=1655998813\" alt=\"\" width=\"519\" height=\"692\"\/><\/a><\/figure><\/div>\n","protected":false},"excerpt":{"rendered":"La Federaci\u00f3n de Tenis de la Regi\u00f3n de Murcia, pone en marcha el \u00faltimo de los campeonatos regionales juveniles individuales del a\u00f1o 2022. Se trata del Campeonato Regional Junior que...","protected":false},"author":1,"featured_media":0,"comment_status":"closed","ping_status":"closed","sticky":false,"template":"","format":"standard","meta":{"footnotes":""},"categories":[37,1],"tags":[],"class_list":["post-4736","post","type-post","status-publish","format-standard","category-regionales-juveniles-individuales","category-sin-categoria"],"featured_media_src":null,"excerpt_plain":"La Federaci\u00f3n de Tenis de la Regi\u00f3n de Murcia, pone en marcha el \u00faltimo de los campeonatos regionales juveniles individuales...","_links":{"self":[{"href":"https:\/\/fedetenismurcia.com\/index.php?rest_route=\/wp\/v2\/posts\/4736","targetHints":{"allow":["GET"]}}],"collection":[{"href":"https:\/\/fedetenismurcia.com\/index.php?rest_route=\/wp\/v2\/posts"}],"about":[{"href":"https:\/\/fedetenismurcia.com\/index.php?rest_route=\/wp\/v2\/types\/post"}],"author":[{"embeddable":true,"href":"https:\/\/fedetenismurcia.com\/index.php?rest_route=\/wp\/v2\/users\/1"}],"replies":[{"embeddable":true,"href":"https:\/\/fedetenismurcia.com\/index.php?rest_route=%2Fwp%2Fv2%2Fcomments&post=4736"}],"version-history":[{"count":0,"href":"https:\/\/fedetenismurcia.com\/index.php?rest_route=\/wp\/v2\/posts\/4736\/revisions"}],"wp:attachment":[{"href":"https:\/\/fedetenismurcia.com\/index.php?rest_route=%2Fwp%2Fv2%2Fmedia&parent=4736"}],"wp:term":[{"taxonomy":"category","embeddable":true,"href":"https:\/\/fedetenismurcia.com\/index.php?rest_route=%2Fwp%2Fv2%2Fcategories&post=4736"},{"taxonomy":"post_tag","embeddable":true,"href":"https:\/\/fedetenismurcia.com\/index.php?rest_route=%2Fwp%2Fv2%2Ftags&post=4736"}],"curies":[{"name":"wp","href":"https:\/\/api.w.org\/{rel}","templated":true}]}}