{"id":4739,"date":"2022-06-26T21:00:18","date_gmt":"2022-06-26T19:00:18","guid":{"rendered":"https:\/\/fedetenismurcia.com\/?p=4739"},"modified":"2022-06-26T21:00:24","modified_gmt":"2022-06-26T19:00:24","slug":"los-jugadores-as-de-la-federacion-en-los-campeonatos-de-espana-individuales-alevin-y-cadete","status":"publish","type":"post","link":"https:\/\/fedetenismurcia.com\/?p=4739","title":{"rendered":"Los jugadores\/as de la Federaci\u00f3n, en los Campeonatos de Espa\u00f1a Individuales Alev\u00edn y Cadete"},"content":{"rendered":"\n<p>Ya se han disputado los campeonatos de Espa\u00f1a Individuales Alev\u00edn y Cadete de la Real Federaci\u00f3n Espa\u00f1ola de Tenis.<\/p>\n<p>En el Club de Tenis Almer\u00eda, se disput\u00f3 el Campeonato de Espa\u00f1a Alev\u00edn con la siguiente representaci\u00f3n de jugadores y jugadoras de la Federaci\u00f3n de Tenis de la Regi\u00f3n de Murcia:<\/p>\n<ul style=\"list-style-type: disc;\">\n<li>Carmen Mar\u00eda Mu\u00f1oz Bot\u00eda<\/li>\n<li>Virginia Almendros Abell\u00e1n<\/li>\n<li>Sara Gabriela Anoca<\/li>\n<li>Jorge Garcer\u00e1n Conesa<\/li>\n<li>Gin\u00e9s de la Asunci\u00f3n\u00a0<\/li>\n<li>Jaime Alcaraz Garfia.<\/li>\n<\/ul>\n<p>La novedad de este a\u00f1o del Campeonato de Espa\u00f1a, se encontraba en la fase Round Robin. Se distribu\u00eda a los jugadores\/as en grupos de 4, lo que aseguraba a cada uno de ellos disputar tres partidos independientemente del resultado. Un jugador\/a era el que se clasificaba de cada grupo para disputar la fase final que se jugar\u00eda en formato de eliminatoria. Jorge Garcer\u00e1n Conesa, alcanz\u00f3 la fase final, cediendo en los octavos de final ante Izan Barroeta.\u00a0<\/p>\n\n\n\n<div class=\"wp-block-image\"><figure class=\"aligncenter size-large\"><a href=\"https:\/\/fedetenismurcia.com\/wp-content\/uploads\/2020\/documentos\/noticias\/c%20espa%C3%B1a%20alevin%2022.jpg?_t=1656269117\" target=\"_blank\" rel=\"noopener\"><img decoding=\"async\" src=\"https:\/\/fedetenismurcia.com\/wp-content\/uploads\/2020\/documentos\/noticias\/c%20espa%C3%B1a%20alevin%2022.jpg?_t=1656269117\" alt=\"\"\/><\/a><figcaption>Jugadores\/as y t\u00e9cnicos en el Campeonato de Espa\u00f1a Alev\u00edn en el Club de Tenis Almer\u00eda<\/figcaption><\/figure><\/div>\n\n\n\n<p>En la ciudad de Gerona en\u00a0 Club de Tenis de Aro, se celebraba el Campeonato de Espa\u00f1a Cadete. Los jugadores\/as que representaban a la Federaci\u00f3n de Tenis de la Regi\u00f3n de Murcia fueron los siguientes:<\/p>\n<ul style=\"list-style-type: disc;\">\n<li>David Mu\u00f1oz Bot\u00eda<\/li>\n<li>Sergio L\u00f3pez Guill\u00e9n<\/li>\n<li>Gonzalo Mart\u00ednez Onsalo<\/li>\n<li>Rafael Segado Esteve<\/li>\n<li>Pablo Mart\u00ednez G\u00f3mez<\/li>\n<li>Ana Alcobas Aparicio<\/li>\n<\/ul>\n<p>Ha sido un Campeonato de Espa\u00f1a Cadete en el que nuestros jugadores han obtenido unos m\u00e1gnificos resultados. Rafael Segado Esteve, alcanz\u00f3 las semifinales que cedi\u00f3 ante el jugador Luis Garc\u00eda en tres sets. Pablo Mart\u00ednez G\u00f3mez, lleg\u00f3 hasta los cuartos de final ante el jugador Carles C\u00f3rdoba. Tambi\u00e9n lleg\u00f3 a cuartos de final David Mu\u00f1oz Bot\u00eda que cedi\u00f3 ante Manuel L\u00e1zaro.\u00a0<\/p>\n<p>Todos los resultados se pueden consultar en: <a href=\"https:\/\/www.rfet.es\/es\/campeonatos-espana-juveniles-individual.html\" target=\"_blank\" rel=\"noopener\">RFET<\/a><\/p>\n\n\n\n<div class=\"wp-block-image\"><figure class=\"aligncenter size-large\"><a href=\"https:\/\/fedetenismurcia.com\/wp-content\/uploads\/2020\/documentos\/noticias\/c%20espa%C3%B1a%20cadete%2022.jpg?_t=1656269134\" target=\"_blank\" rel=\"noopener\"><img decoding=\"async\" src=\"https:\/\/fedetenismurcia.com\/wp-content\/uploads\/2020\/documentos\/noticias\/c%20espa%C3%B1a%20cadete%2022.jpg?_t=1656269134\" alt=\"\"\/><\/a><figcaption>Juadores\/as de la Federaci\u00f3n de Tenis de la Regi\u00f3n de Murcia en el Campeonato de Espa\u00f1a Cadete<\/figcaption><\/figure><\/div>\n","protected":false},"excerpt":{"rendered":"Ya se han disputado los campeonatos de Espa\u00f1a Individuales Alev\u00edn y Cadete de la Real Federaci\u00f3n Espa\u00f1ola de Tenis. En el Club de Tenis Almer\u00eda, se disput\u00f3 el Campeonato de...","protected":false},"author":1,"featured_media":0,"comment_status":"closed","ping_status":"closed","sticky":false,"template":"","format":"standard","meta":{"footnotes":""},"categories":[44],"tags":[],"class_list":["post-4739","post","type-post","status-publish","format-standard","category-campeonatos-de-espana"],"featured_media_src":null,"excerpt_plain":"Ya se han disputado los campeonatos de Espa\u00f1a Individuales Alev\u00edn y Cadete de la Real Federaci\u00f3n Espa\u00f1ola de Tenis. En...","_links":{"self":[{"href":"https:\/\/fedetenismurcia.com\/index.php?rest_route=\/wp\/v2\/posts\/4739","targetHints":{"allow":["GET"]}}],"collection":[{"href":"https:\/\/fedetenismurcia.com\/index.php?rest_route=\/wp\/v2\/posts"}],"about":[{"href":"https:\/\/fedetenismurcia.com\/index.php?rest_route=\/wp\/v2\/types\/post"}],"author":[{"embeddable":true,"href":"https:\/\/fedetenismurcia.com\/index.php?rest_route=\/wp\/v2\/users\/1"}],"replies":[{"embeddable":true,"href":"https:\/\/fedetenismurcia.com\/index.php?rest_route=%2Fwp%2Fv2%2Fcomments&post=4739"}],"version-history":[{"count":0,"href":"https:\/\/fedetenismurcia.com\/index.php?rest_route=\/wp\/v2\/posts\/4739\/revisions"}],"wp:attachment":[{"href":"https:\/\/fedetenismurcia.com\/index.php?rest_route=%2Fwp%2Fv2%2Fmedia&parent=4739"}],"wp:term":[{"taxonomy":"category","embeddable":true,"href":"https:\/\/fedetenismurcia.com\/index.php?rest_route=%2Fwp%2Fv2%2Fcategories&post=4739"},{"taxonomy":"post_tag","embeddable":true,"href":"https:\/\/fedetenismurcia.com\/index.php?rest_route=%2Fwp%2Fv2%2Ftags&post=4739"}],"curies":[{"name":"wp","href":"https:\/\/api.w.org\/{rel}","templated":true}]}}