{"id":4780,"date":"2022-07-16T20:45:02","date_gmt":"2022-07-16T18:45:02","guid":{"rendered":"https:\/\/fedetenismurcia.com\/?p=4780"},"modified":"2022-07-16T20:45:51","modified_gmt":"2022-07-16T18:45:51","slug":"ariana-geerlings-y-rafael-segado-convocados-en-los-equipos-nacionales-sub16-y-sub18","status":"publish","type":"post","link":"https:\/\/fedetenismurcia.com\/?p=4780","title":{"rendered":"Ariadna Geerlings y Rafael Segado, convocados en los equipos nacionales Sub16 y Sub18"},"content":{"rendered":"\n\n\n<p>Los jugadores de la Federaci\u00f3n de Tenis de la Regi\u00f3n de Murcia, Ariadna Geerlings y Rafael Segado han sido convocados por la Real Federaci\u00f3n Espa\u00f1ola de Tenis para disputar las Copas de Verano de los Equipos Nacionales.\u00a0<\/p>\n<p>Ariadna Geerlings, asistir\u00e1 con el equipo nacional sub18 a partir del 27 de Julio en Italia. En caso de clasificarse para la fase final, se disputar\u00e1 en Francia a partir del 1 de agosto.<\/p>\n<p>Rafael Segado, asistir\u00e1 con el equipo nacional sub16 a partir del 27 de Julio a la Copa Borotra que se disputa en la ciudad de Valencia para disputar la fase previa de selecciones. En caso de clasificaci\u00f3n, el Equipo Nacional jugar\u00e1 en Francia la fase final a partir del 1 de agosto.<\/p>\n<p>Tambi\u00e9n, ambos jugadores han sido seleccionados para disputar los Campeonatos de Europa Individuales que se disputan a partir del 18 de Julio. La categor\u00eda sub16 se disputa en Checoslovaquia y la categor\u00eda sub18 se disputa en Suiza. Enhorabuena y suerte para ambos.<\/p>\n<p>\u00a0<\/p>\n","protected":false},"excerpt":{"rendered":"Los jugadores de la Federaci\u00f3n de Tenis de la Regi\u00f3n de Murcia, Ariadna Geerlings y Rafael Segado han sido convocados por la Real Federaci\u00f3n Espa\u00f1ola de Tenis para disputar las...","protected":false},"author":1,"featured_media":0,"comment_status":"closed","ping_status":"closed","sticky":false,"template":"","format":"standard","meta":{"footnotes":""},"categories":[41],"tags":[],"class_list":["post-4780","post","type-post","status-publish","format-standard","category-resultados-jugadores"],"featured_media_src":null,"excerpt_plain":"Los jugadores de la Federaci\u00f3n de Tenis de la Regi\u00f3n de Murcia, Ariadna Geerlings y Rafael Segado han sido convocados...","_links":{"self":[{"href":"https:\/\/fedetenismurcia.com\/index.php?rest_route=\/wp\/v2\/posts\/4780","targetHints":{"allow":["GET"]}}],"collection":[{"href":"https:\/\/fedetenismurcia.com\/index.php?rest_route=\/wp\/v2\/posts"}],"about":[{"href":"https:\/\/fedetenismurcia.com\/index.php?rest_route=\/wp\/v2\/types\/post"}],"author":[{"embeddable":true,"href":"https:\/\/fedetenismurcia.com\/index.php?rest_route=\/wp\/v2\/users\/1"}],"replies":[{"embeddable":true,"href":"https:\/\/fedetenismurcia.com\/index.php?rest_route=%2Fwp%2Fv2%2Fcomments&post=4780"}],"version-history":[{"count":0,"href":"https:\/\/fedetenismurcia.com\/index.php?rest_route=\/wp\/v2\/posts\/4780\/revisions"}],"wp:attachment":[{"href":"https:\/\/fedetenismurcia.com\/index.php?rest_route=%2Fwp%2Fv2%2Fmedia&parent=4780"}],"wp:term":[{"taxonomy":"category","embeddable":true,"href":"https:\/\/fedetenismurcia.com\/index.php?rest_route=%2Fwp%2Fv2%2Fcategories&post=4780"},{"taxonomy":"post_tag","embeddable":true,"href":"https:\/\/fedetenismurcia.com\/index.php?rest_route=%2Fwp%2Fv2%2Ftags&post=4780"}],"curies":[{"name":"wp","href":"https:\/\/api.w.org\/{rel}","templated":true}]}}