{"id":4803,"date":"2022-08-02T21:41:50","date_gmt":"2022-08-02T19:41:50","guid":{"rendered":"https:\/\/fedetenismurcia.com\/?p=4803"},"modified":"2022-08-02T21:41:55","modified_gmt":"2022-08-02T19:41:55","slug":"buena-actuacion-de-los-jugadores-de-la-federacion-de-tenis-de-la-region-de-murcia-en-las-copas-de-verano-sub18-y-sub16","status":"publish","type":"post","link":"https:\/\/fedetenismurcia.com\/?p=4803","title":{"rendered":"Buena actuaci\u00f3n de los jugadores de la Federaci\u00f3n de Tenis de la Regi\u00f3n de Murcia en las Copas de Verano \u00a0Sub&#8217;18 y Sub&#8217;16."},"content":{"rendered":"\n<p>Los jugadores Rafael Segado (sub16) y Arianna Gerlings (Sub18) se han clasificado con sus respectivos equipos nacionales para disputar las fases finales en las Copas de Europa de Verano que se disputar\u00e1n hasta el 3 de agosto.<\/p>\n<p>El equipo Sub16, \u00a0jugar\u00e1 por la Copa \u201cJean Borotra\u201d \u2013clasificatoria para la Copa Davis J\u00fanior\u2013 en Le Touquet (Francia),.<\/p>\n<p>El equipo Sub18, viajar\u00e1 a la localidad checa de Marianske Lazne para disputar el t\u00edtulo de la fase europea de la Billie Jean King Cup J\u00fanior.<\/p>\n","protected":false},"excerpt":{"rendered":"Los jugadores Rafael Segado (sub16) y Arianna Gerlings (Sub18) se han clasificado con sus respectivos equipos nacionales para disputar las fases finales en las Copas de Europa de Verano que...","protected":false},"author":1,"featured_media":0,"comment_status":"closed","ping_status":"closed","sticky":false,"template":"","format":"standard","meta":{"footnotes":""},"categories":[41],"tags":[],"class_list":["post-4803","post","type-post","status-publish","format-standard","category-resultados-jugadores"],"featured_media_src":null,"excerpt_plain":"Los jugadores Rafael Segado (sub16) y Arianna Gerlings (Sub18) se han clasificado con sus respectivos equipos nacionales para disputar las...","_links":{"self":[{"href":"https:\/\/fedetenismurcia.com\/index.php?rest_route=\/wp\/v2\/posts\/4803","targetHints":{"allow":["GET"]}}],"collection":[{"href":"https:\/\/fedetenismurcia.com\/index.php?rest_route=\/wp\/v2\/posts"}],"about":[{"href":"https:\/\/fedetenismurcia.com\/index.php?rest_route=\/wp\/v2\/types\/post"}],"author":[{"embeddable":true,"href":"https:\/\/fedetenismurcia.com\/index.php?rest_route=\/wp\/v2\/users\/1"}],"replies":[{"embeddable":true,"href":"https:\/\/fedetenismurcia.com\/index.php?rest_route=%2Fwp%2Fv2%2Fcomments&post=4803"}],"version-history":[{"count":0,"href":"https:\/\/fedetenismurcia.com\/index.php?rest_route=\/wp\/v2\/posts\/4803\/revisions"}],"wp:attachment":[{"href":"https:\/\/fedetenismurcia.com\/index.php?rest_route=%2Fwp%2Fv2%2Fmedia&parent=4803"}],"wp:term":[{"taxonomy":"category","embeddable":true,"href":"https:\/\/fedetenismurcia.com\/index.php?rest_route=%2Fwp%2Fv2%2Fcategories&post=4803"},{"taxonomy":"post_tag","embeddable":true,"href":"https:\/\/fedetenismurcia.com\/index.php?rest_route=%2Fwp%2Fv2%2Ftags&post=4803"}],"curies":[{"name":"wp","href":"https:\/\/api.w.org\/{rel}","templated":true}]}}