{"id":4816,"date":"2022-08-23T18:19:39","date_gmt":"2022-08-23T16:19:39","guid":{"rendered":"https:\/\/fedetenismurcia.com\/?p=4816"},"modified":"2022-08-23T18:19:44","modified_gmt":"2022-08-23T16:19:44","slug":"lista-de-admitidos-nuevos-alumnos-para-la-escuela-de-tenis-en-el-campus-de-espinardo-de-la-universidad-de-murcia","status":"publish","type":"post","link":"https:\/\/fedetenismurcia.com\/?p=4816","title":{"rendered":"Lista de admitidos nuevos alumnos para la Escuela de Tenis en el Campus de Espinardo de la Universidad de Murcia"},"content":{"rendered":"\n<p>La Federaci\u00f3n de Tenis de la Regi\u00f3n de Murcia, publicar\u00e1 el pr\u00f3ximo mi\u00e9rcoles 31 de agosto en su p\u00e1gina web, la lista de alumnos\/as admitidos para el curso 2022\/2023.<\/p>\n\n\n\n<div class=\"wp-block-image\"><figure class=\"aligncenter size-full is-resized\"><img loading=\"lazy\" decoding=\"async\" src=\"https:\/\/fedetenismurcia.com\/wp-content\/uploads\/2020\/05\/cropped-ORIGINAL-FTRM-SIN-FONDO.png\" alt=\"\" class=\"wp-image-1207\" width=\"309\" height=\"309\" srcset=\"https:\/\/fedetenismurcia.com\/wp-content\/uploads\/2020\/05\/cropped-ORIGINAL-FTRM-SIN-FONDO.png 512w, https:\/\/fedetenismurcia.com\/wp-content\/uploads\/2020\/05\/cropped-ORIGINAL-FTRM-SIN-FONDO-300x300.png 300w, https:\/\/fedetenismurcia.com\/wp-content\/uploads\/2020\/05\/cropped-ORIGINAL-FTRM-SIN-FONDO-150x150.png 150w, https:\/\/fedetenismurcia.com\/wp-content\/uploads\/2020\/05\/cropped-ORIGINAL-FTRM-SIN-FONDO-270x270.png 270w, https:\/\/fedetenismurcia.com\/wp-content\/uploads\/2020\/05\/cropped-ORIGINAL-FTRM-SIN-FONDO-192x192.png 192w, https:\/\/fedetenismurcia.com\/wp-content\/uploads\/2020\/05\/cropped-ORIGINAL-FTRM-SIN-FONDO-180x180.png 180w, https:\/\/fedetenismurcia.com\/wp-content\/uploads\/2020\/05\/cropped-ORIGINAL-FTRM-SIN-FONDO-32x32.png 32w\" sizes=\"auto, (max-width: 309px) 100vw, 309px\" \/><\/figure><\/div>\n","protected":false},"excerpt":{"rendered":"La Federaci\u00f3n de Tenis de la Regi\u00f3n de Murcia, publicar\u00e1 el pr\u00f3ximo mi\u00e9rcoles 31 de agosto en su p\u00e1gina web, la lista de alumnos\/as admitidos para el curso 2022\/2023.","protected":false},"author":1,"featured_media":0,"comment_status":"closed","ping_status":"closed","sticky":false,"template":"","format":"standard","meta":{"footnotes":""},"categories":[71],"tags":[],"class_list":["post-4816","post","type-post","status-publish","format-standard","category-escuela-de-tenis"],"featured_media_src":null,"excerpt_plain":"La Federaci\u00f3n de Tenis de la Regi\u00f3n de Murcia, publicar\u00e1 el pr\u00f3ximo mi\u00e9rcoles 31 de agosto en su p\u00e1gina web,...","_links":{"self":[{"href":"https:\/\/fedetenismurcia.com\/index.php?rest_route=\/wp\/v2\/posts\/4816","targetHints":{"allow":["GET"]}}],"collection":[{"href":"https:\/\/fedetenismurcia.com\/index.php?rest_route=\/wp\/v2\/posts"}],"about":[{"href":"https:\/\/fedetenismurcia.com\/index.php?rest_route=\/wp\/v2\/types\/post"}],"author":[{"embeddable":true,"href":"https:\/\/fedetenismurcia.com\/index.php?rest_route=\/wp\/v2\/users\/1"}],"replies":[{"embeddable":true,"href":"https:\/\/fedetenismurcia.com\/index.php?rest_route=%2Fwp%2Fv2%2Fcomments&post=4816"}],"version-history":[{"count":0,"href":"https:\/\/fedetenismurcia.com\/index.php?rest_route=\/wp\/v2\/posts\/4816\/revisions"}],"wp:attachment":[{"href":"https:\/\/fedetenismurcia.com\/index.php?rest_route=%2Fwp%2Fv2%2Fmedia&parent=4816"}],"wp:term":[{"taxonomy":"category","embeddable":true,"href":"https:\/\/fedetenismurcia.com\/index.php?rest_route=%2Fwp%2Fv2%2Fcategories&post=4816"},{"taxonomy":"post_tag","embeddable":true,"href":"https:\/\/fedetenismurcia.com\/index.php?rest_route=%2Fwp%2Fv2%2Ftags&post=4816"}],"curies":[{"name":"wp","href":"https:\/\/api.w.org\/{rel}","templated":true}]}}