{"id":5089,"date":"2022-11-12T10:19:46","date_gmt":"2022-11-12T09:19:46","guid":{"rendered":"https:\/\/fedetenismurcia.com\/?p=5089"},"modified":"2022-11-12T10:19:52","modified_gmt":"2022-11-12T09:19:52","slug":"campeonato-regional-absoluto-individual-y-veteranos-2022","status":"publish","type":"post","link":"https:\/\/fedetenismurcia.com\/?p=5089","title":{"rendered":"Campeonato Regional Absoluto Individual y Veteranos 2022"},"content":{"rendered":"\n<p>A partir del 10 de diciembre en las instalaciones del Club de Tenis Torre Pacheco comenzar\u00e1 una nueva edici\u00f3n del Campeonato Regional Absoluto Individual y Veteranos +40, +50 tanto en categor\u00eda masculina como femenina.<\/p>\n<p>Se repartir\u00e1n 3.000 \u20ac en premios en met\u00e1lico para el Absoluto Individual y el Veteranos repartir\u00e1 m\u00e1s de 1.000 \u20ac en regalos navide\u00f1os.<\/p>\n<p>Todos los jugadores que deseen participar deber\u00e1n hacerlo a partir del 21 de noviembre a trav\u00e9s de la web de la Federaci\u00f3n y los jugadores\/as que est\u00e1n disputando la Liga de Todos individual tendr\u00e1n la inscripci\u00f3n gratuita.<\/p>\n<p>La presentaci\u00f3n del Campeonato se realizar\u00e1 en el Club de Tenis Torre Pacheco el jueves 1 de diciembre.\u00a0<\/p>\n<p>En breve publicaremos toda la informaci\u00f3n del Campeonato en esta misma web. Os esperamos<\/p>\n","protected":false},"excerpt":{"rendered":"A partir del 10 de diciembre en las instalaciones del Club de Tenis Torre Pacheco comenzar\u00e1 una nueva edici\u00f3n del Campeonato Regional Absoluto Individual y Veteranos +40, +50 tanto en...","protected":false},"author":1,"featured_media":0,"comment_status":"closed","ping_status":"closed","sticky":false,"template":"","format":"standard","meta":{"footnotes":""},"categories":[48],"tags":[],"class_list":["post-5089","post","type-post","status-publish","format-standard","category-regional-absoluto"],"featured_media_src":null,"excerpt_plain":"A partir del 10 de diciembre en las instalaciones del Club de Tenis Torre Pacheco comenzar\u00e1 una nueva edici\u00f3n del...","_links":{"self":[{"href":"https:\/\/fedetenismurcia.com\/index.php?rest_route=\/wp\/v2\/posts\/5089","targetHints":{"allow":["GET"]}}],"collection":[{"href":"https:\/\/fedetenismurcia.com\/index.php?rest_route=\/wp\/v2\/posts"}],"about":[{"href":"https:\/\/fedetenismurcia.com\/index.php?rest_route=\/wp\/v2\/types\/post"}],"author":[{"embeddable":true,"href":"https:\/\/fedetenismurcia.com\/index.php?rest_route=\/wp\/v2\/users\/1"}],"replies":[{"embeddable":true,"href":"https:\/\/fedetenismurcia.com\/index.php?rest_route=%2Fwp%2Fv2%2Fcomments&post=5089"}],"version-history":[{"count":0,"href":"https:\/\/fedetenismurcia.com\/index.php?rest_route=\/wp\/v2\/posts\/5089\/revisions"}],"wp:attachment":[{"href":"https:\/\/fedetenismurcia.com\/index.php?rest_route=%2Fwp%2Fv2%2Fmedia&parent=5089"}],"wp:term":[{"taxonomy":"category","embeddable":true,"href":"https:\/\/fedetenismurcia.com\/index.php?rest_route=%2Fwp%2Fv2%2Fcategories&post=5089"},{"taxonomy":"post_tag","embeddable":true,"href":"https:\/\/fedetenismurcia.com\/index.php?rest_route=%2Fwp%2Fv2%2Ftags&post=5089"}],"curies":[{"name":"wp","href":"https:\/\/api.w.org\/{rel}","templated":true}]}}