{"id":5171,"date":"2022-11-27T18:53:01","date_gmt":"2022-11-27T17:53:01","guid":{"rendered":"https:\/\/fedetenismurcia.com\/?p=5171"},"modified":"2022-11-27T18:53:54","modified_gmt":"2022-11-27T17:53:54","slug":"presentado-el-programa-de-tecnificacion-talento-olimpico","status":"publish","type":"post","link":"https:\/\/fedetenismurcia.com\/?p=5171","title":{"rendered":"Presentado el programa de tecnificaci\u00f3n &#8220;Talento Ol\u00edmpico&#8221;"},"content":{"rendered":"\n<p>En el Centro de Alto Rendimiento de Los Narejos, ha sido presentado el programa de tecnificaci\u00f3n &#8220;Talento Ol\u00edmpico&#8221; para la temporada 2022\/2023. A dicha presentaci\u00f3n, ha asistido el Presidente de la Comunidad Aut\u00f3noma de la Regi\u00f3n de Murcia, Fernando L\u00f3pez Miras, junto con el Vicepresidente de la Federaci\u00f3n de Tenis de la Regi\u00f3n de Murcia, Pedro Jos\u00e9 Madrid Izquierdo y los doce jugadores\/as del programa.\u00a0<\/p>\n<p><img loading=\"lazy\" decoding=\"async\" class=\"aligncenter \" src=\"https:\/\/fedetenismurcia.com\/wp-content\/uploads\/2020\/documentos\/imagenes\/noticias\/GRUPO%20TENIS%202.JPG?_t=1669571016\" width=\"686\" height=\"396\" \/><\/p>\n<p>Dicho programa, en el que participa la Federaci\u00f3n de Tenis de la Regi\u00f3n de Murcia est\u00e1 promovido e impulsado por la Direcci\u00f3n General de Deportes de la Regi\u00f3n de Murcia.<\/p>\n<p>En esta temporada participan 12 jugadores\/as de distintos clubes de la Federaci\u00f3n:<\/p>\n<table style=\"width: 100%; height: 189px;\" width=\"723\">\n<tbody>\n<tr style=\"height: 27px;\">\n<td style=\"text-align: center; height: 27px;\" width=\"87\"><strong>Licencia<\/strong><\/td>\n<td style=\"text-align: center; height: 27px;\" width=\"173\"><strong>Apellidos<\/strong><\/td>\n<td style=\"text-align: center; height: 27px;\" width=\"103\"><strong>Nombre<\/strong><\/td>\n<td style=\"text-align: center; height: 27px;\" width=\"360\"><strong>Nombre del Club<\/strong><\/td>\n<\/tr>\n<tr style=\"height: 27px;\">\n<td style=\"height: 27px;\" width=\"87\">15511969<\/td>\n<td style=\"height: 27px;\" width=\"173\">Alcobas Aparicio<\/td>\n<td style=\"height: 27px;\" width=\"103\">Ana<\/td>\n<td style=\"height: 27px;\" width=\"360\">C.D.S.C.A. DE MPTM &#8220;ICUE&#8221;<\/td>\n<\/tr>\n<tr style=\"height: 27px;\">\n<td style=\"height: 27px;\" width=\"87\">15510309<\/td>\n<td style=\"height: 27px;\" width=\"173\">Martinez Gomez<\/td>\n<td style=\"height: 27px;\" width=\"103\">Olivia<\/td>\n<td style=\"height: 27px;\" width=\"360\">REAL MURCIA CLUB DE TENIS 1919<\/td>\n<\/tr>\n<tr style=\"height: 27px;\">\n<td style=\"height: 27px;\" width=\"87\">15509716<\/td>\n<td style=\"height: 27px;\" width=\"173\">Martinez Nicolas<\/td>\n<td style=\"height: 27px;\" width=\"103\">Maria<\/td>\n<td style=\"height: 27px;\" width=\"360\">MAZARRON CLUB DE TENIS<\/td>\n<\/tr>\n<tr style=\"height: 27px;\">\n<td style=\"height: 27px;\" width=\"87\">15505954<\/td>\n<td style=\"height: 27px;\" width=\"173\">Martinez Olivares<\/td>\n<td style=\"height: 27px;\" width=\"103\">Nuria<\/td>\n<td style=\"height: 27px;\" width=\"360\">C.D.S.C.A. DE MPTM &#8220;ICUE&#8221;<\/td>\n<\/tr>\n<tr style=\"height: 27px;\">\n<td style=\"height: 27px;\" width=\"87\">15509245<\/td>\n<td style=\"height: 27px;\" width=\"173\">Minaeva<\/td>\n<td style=\"height: 27px;\" width=\"103\">Sofia<\/td>\n<td style=\"height: 27px;\" width=\"360\">MAZARRON CLUB DE TENIS<\/td>\n<\/tr>\n<tr style=\"height: 27px;\">\n<td style=\"height: 27px;\" width=\"87\">15507801<\/td>\n<td style=\"height: 27px;\" width=\"173\">Ruiz Godinez<\/td>\n<td style=\"height: 27px;\" width=\"103\">Olympia<\/td>\n<td style=\"height: 27px;\" width=\"360\">TENIS CLUB ALGEZARES<\/td>\n<\/tr>\n<\/tbody>\n<\/table>\n<table style=\"width: 100%;\" width=\"829\">\n<tbody>\n<tr>\n<td style=\"width: 11.9048%; text-align: center;\" width=\"104\"><strong>Licencia<\/strong><\/td>\n<td style=\"width: 23.5714%; text-align: center;\" width=\"203\"><strong>Apellidos<\/strong><\/td>\n<td style=\"width: 14.2857%; text-align: center;\" width=\"162\"><strong>Nombre<\/strong><\/td>\n<td style=\"width: 49.2857%; text-align: center;\" width=\"360\"><strong>Nombre del Club<\/strong><\/td>\n<\/tr>\n<tr>\n<td style=\"width: 11.9048%;\" width=\"104\">15508966<\/td>\n<td style=\"width: 23.5714%;\" width=\"203\">Alcobas Aparicio<\/td>\n<td style=\"width: 14.2857%;\" width=\"162\">Juan Pedro<\/td>\n<td style=\"width: 49.2857%;\" width=\"360\">C.D.S.C.A. DE MPTM &#8220;ICUE&#8221;<\/td>\n<\/tr>\n<tr>\n<td style=\"width: 11.9048%;\" width=\"104\">15513999<\/td>\n<td style=\"width: 23.5714%;\" width=\"203\">\u00c1lvarez Pe\u00f1aranda<\/td>\n<td style=\"width: 14.2857%;\" width=\"162\">Pablo<\/td>\n<td style=\"width: 49.2857%;\" width=\"360\">FEDERACION DE TENIS REGION DE MURCIA<\/td>\n<\/tr>\n<tr>\n<td style=\"width: 11.9048%;\" width=\"104\">15512743<\/td>\n<td style=\"width: 23.5714%;\" width=\"203\">Belmonte Gomez<\/td>\n<td style=\"width: 14.2857%;\" width=\"162\">Andres<\/td>\n<td style=\"width: 49.2857%;\" width=\"360\">CLUB DEPORTIVO CORDILLERA<\/td>\n<\/tr>\n<tr>\n<td style=\"width: 11.9048%;\" width=\"104\">15512735<\/td>\n<td style=\"width: 23.5714%;\" width=\"203\">Bermejo Mendez<\/td>\n<td style=\"width: 14.2857%;\" width=\"162\">Alberto<\/td>\n<td style=\"width: 49.2857%;\" width=\"360\">REAL SOCIEDAD CLUB DE CAMPO DE MURCIA<\/td>\n<\/tr>\n<tr>\n<td style=\"width: 11.9048%;\" width=\"104\">15514955<\/td>\n<td style=\"width: 23.5714%;\" width=\"203\">Esteve Lopez<\/td>\n<td style=\"width: 14.2857%;\" width=\"162\">Jose Mart\u00edn<\/td>\n<td style=\"width: 49.2857%;\" width=\"360\">FEDERACION DE TENIS REGION DE MURCIA<\/td>\n<\/tr>\n<tr>\n<td style=\"width: 11.9048%;\" width=\"104\">4635994<\/td>\n<td style=\"width: 23.5714%;\" width=\"203\">Iba\u00f1ez Maria Dolor<\/td>\n<td style=\"width: 14.2857%;\" width=\"162\">Roberto<\/td>\n<td style=\"width: 49.2857%;\" width=\"360\">MDZ TENIS CLUB<\/td>\n<\/tr>\n<\/tbody>\n<\/table>\n<p>Dentro del programa, est\u00e1 previsto realizar concentraciones en el CAR de Los Narejos y la asistencia a competiciones.<\/p>\n\n\n","protected":false},"excerpt":{"rendered":"En el Centro de Alto Rendimiento de Los Narejos, ha sido presentado el programa de tecnificaci\u00f3n \"Talento Ol\u00edmpico\" para la temporada 2022\/2023. A dicha presentaci\u00f3n, ha asistido el Presidente de...","protected":false},"author":1,"featured_media":0,"comment_status":"closed","ping_status":"closed","sticky":false,"template":"","format":"standard","meta":{"footnotes":""},"categories":[72],"tags":[],"class_list":["post-5171","post","type-post","status-publish","format-standard","category-tecnificacion"],"featured_media_src":null,"excerpt_plain":"En el Centro de Alto Rendimiento de Los Narejos, ha sido presentado el programa de tecnificaci\u00f3n \"Talento Ol\u00edmpico\" para la...","_links":{"self":[{"href":"https:\/\/fedetenismurcia.com\/index.php?rest_route=\/wp\/v2\/posts\/5171","targetHints":{"allow":["GET"]}}],"collection":[{"href":"https:\/\/fedetenismurcia.com\/index.php?rest_route=\/wp\/v2\/posts"}],"about":[{"href":"https:\/\/fedetenismurcia.com\/index.php?rest_route=\/wp\/v2\/types\/post"}],"author":[{"embeddable":true,"href":"https:\/\/fedetenismurcia.com\/index.php?rest_route=\/wp\/v2\/users\/1"}],"replies":[{"embeddable":true,"href":"https:\/\/fedetenismurcia.com\/index.php?rest_route=%2Fwp%2Fv2%2Fcomments&post=5171"}],"version-history":[{"count":0,"href":"https:\/\/fedetenismurcia.com\/index.php?rest_route=\/wp\/v2\/posts\/5171\/revisions"}],"wp:attachment":[{"href":"https:\/\/fedetenismurcia.com\/index.php?rest_route=%2Fwp%2Fv2%2Fmedia&parent=5171"}],"wp:term":[{"taxonomy":"category","embeddable":true,"href":"https:\/\/fedetenismurcia.com\/index.php?rest_route=%2Fwp%2Fv2%2Fcategories&post=5171"},{"taxonomy":"post_tag","embeddable":true,"href":"https:\/\/fedetenismurcia.com\/index.php?rest_route=%2Fwp%2Fv2%2Ftags&post=5171"}],"curies":[{"name":"wp","href":"https:\/\/api.w.org\/{rel}","templated":true}]}}