{"id":5193,"date":"2022-12-06T13:32:01","date_gmt":"2022-12-06T12:32:01","guid":{"rendered":"https:\/\/fedetenismurcia.com\/?p=5193"},"modified":"2022-12-06T13:32:06","modified_gmt":"2022-12-06T12:32:06","slug":"alba-rey-campeona-del-itf-15-000-de-valencia","status":"publish","type":"post","link":"https:\/\/fedetenismurcia.com\/?p=5193","title":{"rendered":"Alba Rey, campeona del ITF 15.000 $ de Valencia"},"content":{"rendered":"\n<p>La jugadora de la Federaci\u00f3n de Tenis de la Regi\u00f3n de Murcia, Alba Rey Garc\u00eda, se ha proclamado campeona del ITF World Tennis Tour W15 celebrado recientemente en Valencia.<\/p>\n<p>Alba Rey, entrenada por Rub\u00e9n Aguado y Jony Mar\u00edn, realiza sus entrenamientos bajo la supervisi\u00f3n de sus entrenadores en el Club de Tenis \u00c1guilas y recientemente tambi\u00e9n ha conseguido la permanencia en primera divisi\u00f3n nacional femenina con el Real Murcia Club de Tenis 1919.<\/p>\n<p>Despu\u00e9s alcanzar los cuartos de final este a\u00f1o en los ITF World Tennis Tour W15 de Palmanova y Santa Margarita de Montbui, este triunfo internacional ha sido el m\u00e1s importante de su trayectoria deportiva.<\/p>\n<p>En el ITF World Tennis Tour W15 de Valencia, se impuso en semifinales a Judith Perell\u00f3 6-4 6-3. Otra jugadora de la Federaci\u00f3n de Tenis de la Regi\u00f3n de Murcia, Ariana Geerlings, cedi\u00f3 en semifinales ante y Claudia Hoste por un apretado 4-6 6-7(4).\u00a0<\/p>\n<p>Alba Rey, se impuso en la final\u00a0 a la tercera favorita del cuadro Claudia Hoste, por un c\u00f3modo 6-2 6-0.<\/p>\n<p>\u00a0<\/p>\n\n\n\n<div class=\"wp-block-image\"><figure class=\"aligncenter size-large is-resized\"><img loading=\"lazy\" decoding=\"async\" src=\"https:\/\/fedetenismurcia.com\/wp-content\/uploads\/2020\/documentos\/imagenes\/jugadores\/alba%20campeona%20wta%2015000_2022.jpg?_t=1670329195\" alt=\"\" width=\"406\" height=\"521\"\/><figcaption>Alba Rey Garc\u00eda<\/figcaption><\/figure><\/div>\n\n\n\n<div class=\"wp-block-image\"><figure class=\"aligncenter size-large is-resized\"><img loading=\"lazy\" decoding=\"async\" src=\"https:\/\/fedetenismurcia.com\/wp-content\/uploads\/2020\/documentos\/imagenes\/jugadores\/alba%20y%20ruben%20campeona%20wta%2015000_2022.jpg?_t=1670329195\" alt=\"\" width=\"398\" height=\"530\"\/><figcaption>Rub\u00e9n Aguado y Alba Rey<\/figcaption><\/figure><\/div>\n","protected":false},"excerpt":{"rendered":"La jugadora de la Federaci\u00f3n de Tenis de la Regi\u00f3n de Murcia, Alba Rey Garc\u00eda, se ha proclamado campeona del ITF World Tennis Tour W15 celebrado recientemente en Valencia. Alba...","protected":false},"author":1,"featured_media":0,"comment_status":"closed","ping_status":"closed","sticky":false,"template":"","format":"standard","meta":{"footnotes":""},"categories":[41],"tags":[],"class_list":["post-5193","post","type-post","status-publish","format-standard","category-resultados-jugadores"],"featured_media_src":null,"excerpt_plain":"La jugadora de la Federaci\u00f3n de Tenis de la Regi\u00f3n de Murcia, Alba Rey Garc\u00eda, se ha proclamado campeona del...","_links":{"self":[{"href":"https:\/\/fedetenismurcia.com\/index.php?rest_route=\/wp\/v2\/posts\/5193","targetHints":{"allow":["GET"]}}],"collection":[{"href":"https:\/\/fedetenismurcia.com\/index.php?rest_route=\/wp\/v2\/posts"}],"about":[{"href":"https:\/\/fedetenismurcia.com\/index.php?rest_route=\/wp\/v2\/types\/post"}],"author":[{"embeddable":true,"href":"https:\/\/fedetenismurcia.com\/index.php?rest_route=\/wp\/v2\/users\/1"}],"replies":[{"embeddable":true,"href":"https:\/\/fedetenismurcia.com\/index.php?rest_route=%2Fwp%2Fv2%2Fcomments&post=5193"}],"version-history":[{"count":0,"href":"https:\/\/fedetenismurcia.com\/index.php?rest_route=\/wp\/v2\/posts\/5193\/revisions"}],"wp:attachment":[{"href":"https:\/\/fedetenismurcia.com\/index.php?rest_route=%2Fwp%2Fv2%2Fmedia&parent=5193"}],"wp:term":[{"taxonomy":"category","embeddable":true,"href":"https:\/\/fedetenismurcia.com\/index.php?rest_route=%2Fwp%2Fv2%2Fcategories&post=5193"},{"taxonomy":"post_tag","embeddable":true,"href":"https:\/\/fedetenismurcia.com\/index.php?rest_route=%2Fwp%2Fv2%2Ftags&post=5193"}],"curies":[{"name":"wp","href":"https:\/\/api.w.org\/{rel}","templated":true}]}}