{"id":5235,"date":"2022-12-14T10:35:30","date_gmt":"2022-12-14T09:35:30","guid":{"rendered":"https:\/\/fedetenismurcia.com\/?p=5235"},"modified":"2022-12-14T10:35:35","modified_gmt":"2022-12-14T09:35:35","slug":"representacion-de-la-region-de-murcia-en-el-master-de-valladolid","status":"publish","type":"post","link":"https:\/\/fedetenismurcia.com\/?p=5235","title":{"rendered":"Representaci\u00f3n de la Regi\u00f3n de Murcia en el Master de Valladolid"},"content":{"rendered":"\n<p>Se ha celebrado en Valladolid el M\u00e1ster Futuro Nacional MAPFRE y el M\u00e1ster Circuito Aficionados. En el caso del Master Futuro Nacional, se trataba de la cuarta edici\u00f3n de la prestigiosa competici\u00f3n, un Campeonato de Espa\u00f1a absoluto en formato Next Gen, que se disput\u00f3 los d\u00edas 10 y 11 de diciembre. En\u00a0 categor\u00eda femenina, Marina Bassols se impuso a Nuria Parrizas y en categor\u00eda masculina Bernab\u00e9 Zapata a Carlos Taberner.\u00a0<\/p>\n<p>Curro Ru\u00edz, \u00e1rbitro del Campeonato, Lorenzo Mart\u00ednez, Director General de la RFET y Jos\u00e9 Alcolea, Presidente de la Federaci\u00f3n de Tenis de la Regi\u00f3n de Murcia estuvieron presentes en la edici\u00f3n del Campeonato<\/p>\n\n\n\n<div class=\"wp-block-image\"><figure class=\"aligncenter size-large\"><img decoding=\"async\" src=\"https:\/\/fedetenismurcia.com\/wp-content\/uploads\/2020\/documentos\/imagenes\/noticias\/master%20valladolid.jpg?_t=1671010497\" alt=\"\"\/><\/figure><\/div>\n","protected":false},"excerpt":{"rendered":"Se ha celebrado en Valladolid el M\u00e1ster Futuro Nacional MAPFRE y el M\u00e1ster Circuito Aficionados. En el caso del Master Futuro Nacional, se trataba de la cuarta edici\u00f3n de la...","protected":false},"author":1,"featured_media":0,"comment_status":"closed","ping_status":"closed","sticky":false,"template":"","format":"standard","meta":{"footnotes":""},"categories":[38],"tags":[],"class_list":["post-5235","post","type-post","status-publish","format-standard","category-institucional"],"featured_media_src":null,"excerpt_plain":"Se ha celebrado en Valladolid el M\u00e1ster Futuro Nacional MAPFRE y el M\u00e1ster Circuito Aficionados. En el caso del Master...","_links":{"self":[{"href":"https:\/\/fedetenismurcia.com\/index.php?rest_route=\/wp\/v2\/posts\/5235","targetHints":{"allow":["GET"]}}],"collection":[{"href":"https:\/\/fedetenismurcia.com\/index.php?rest_route=\/wp\/v2\/posts"}],"about":[{"href":"https:\/\/fedetenismurcia.com\/index.php?rest_route=\/wp\/v2\/types\/post"}],"author":[{"embeddable":true,"href":"https:\/\/fedetenismurcia.com\/index.php?rest_route=\/wp\/v2\/users\/1"}],"replies":[{"embeddable":true,"href":"https:\/\/fedetenismurcia.com\/index.php?rest_route=%2Fwp%2Fv2%2Fcomments&post=5235"}],"version-history":[{"count":0,"href":"https:\/\/fedetenismurcia.com\/index.php?rest_route=\/wp\/v2\/posts\/5235\/revisions"}],"wp:attachment":[{"href":"https:\/\/fedetenismurcia.com\/index.php?rest_route=%2Fwp%2Fv2%2Fmedia&parent=5235"}],"wp:term":[{"taxonomy":"category","embeddable":true,"href":"https:\/\/fedetenismurcia.com\/index.php?rest_route=%2Fwp%2Fv2%2Fcategories&post=5235"},{"taxonomy":"post_tag","embeddable":true,"href":"https:\/\/fedetenismurcia.com\/index.php?rest_route=%2Fwp%2Fv2%2Ftags&post=5235"}],"curies":[{"name":"wp","href":"https:\/\/api.w.org\/{rel}","templated":true}]}}