{"id":5280,"date":"2022-12-28T10:23:51","date_gmt":"2022-12-28T09:23:51","guid":{"rendered":"https:\/\/fedetenismurcia.com\/?p=5280"},"modified":"2022-12-28T10:24:29","modified_gmt":"2022-12-28T09:24:29","slug":"promocion-mi-primera-licencia","status":"publish","type":"post","link":"https:\/\/fedetenismurcia.com\/?p=5280","title":{"rendered":"Promoci\u00f3n &#8220;Mi primera licencia&#8221;"},"content":{"rendered":"\n<figure class=\"wp-block-image size-large\"><a href=\"https:\/\/fedetenismurcia.com\/mi-primera-licencia\/\" target=\"_blank\" rel=\"noopener\"><img decoding=\"async\" src=\"https:\/\/fedetenismurcia.com\/wp-content\/uploads\/2020\/documentos\/imagenes\/noticias\/imagen%20promo.jpg?_t=1672218802\" alt=\"\"\/><\/a><\/figure>\n\n\n\n<h4><span style=\"color: #000000;\">La Real Federaci\u00f3n Espa\u00f1ola de Tenis (RFET) pondr\u00e1 en marcha la campa\u00f1a \u201cMi Primera Licencia\u201d en los meses de ENERO Y FEBRERO DE 2023, que permitir\u00e1 tramitar la licencia federativa de tenis a un precio \u00fanico de 6 euros para NUEVAS LICENCIAS de ni\u00f1os o adultos.<\/span><\/h4>\n<p>&#8220;Mi primera licencia&#8221; va a poder solicitarse entre el 1 de enero y 28 de febrero de 2023, de la misma forma con la que se solicitan las licencias convencionales, y va a consistir en que toda aquella persona que no haya tenido licencia validada, en ninguna de las disciplinas del tenis (Tenis, Tenis Playa, Tenis Silla y Touchtennis), durante los tres \u00faltimos ejercicios, es decir, desde el 1 de octubre de 2019, podr\u00e1 solicitar licencia federativa a un precio \u00fanico de 6 euros.<\/p>\n<p>&#8220;Mi primera licencia&#8221; tendr\u00e1 la misma vigencia que la licencia convencional, es decir, hasta el 30 de septiembre de 2023.A partir del 1 de octubre de 2023, podr\u00e1n renovarse las licencias \u201cMi primera licencia\u201d al precio de 8 euros. &#8220;Mi primera licencia&#8221; ser\u00e1 un tipo de licencia con las mismas prestaciones que la licencia convencional y tendr\u00e1 asociado el mismo seguro deportivo.<\/p>\n<p><a href=\"https:\/\/fedetenismurcia.com\/mi-primera-licencia\/\" target=\"_blank\" rel=\"noopener\">Obtener &#8220;Mi primera licencia&#8221;<\/a><\/p>\n","protected":false},"excerpt":{"rendered":"La Real Federaci\u00f3n Espa\u00f1ola de Tenis (RFET) pondr\u00e1 en marcha la campa\u00f1a \u201cMi Primera Licencia\u201d en los meses de ENERO Y FEBRERO DE 2023, que permitir\u00e1 tramitar la licencia federativa...","protected":false},"author":1,"featured_media":0,"comment_status":"closed","ping_status":"closed","sticky":false,"template":"","format":"standard","meta":{"footnotes":""},"categories":[42],"tags":[],"class_list":["post-5280","post","type-post","status-publish","format-standard","category-licencias"],"featured_media_src":null,"excerpt_plain":"La Real Federaci\u00f3n Espa\u00f1ola de Tenis (RFET) pondr\u00e1 en marcha la campa\u00f1a \u201cMi Primera Licencia\u201d en los meses de ENERO...","_links":{"self":[{"href":"https:\/\/fedetenismurcia.com\/index.php?rest_route=\/wp\/v2\/posts\/5280","targetHints":{"allow":["GET"]}}],"collection":[{"href":"https:\/\/fedetenismurcia.com\/index.php?rest_route=\/wp\/v2\/posts"}],"about":[{"href":"https:\/\/fedetenismurcia.com\/index.php?rest_route=\/wp\/v2\/types\/post"}],"author":[{"embeddable":true,"href":"https:\/\/fedetenismurcia.com\/index.php?rest_route=\/wp\/v2\/users\/1"}],"replies":[{"embeddable":true,"href":"https:\/\/fedetenismurcia.com\/index.php?rest_route=%2Fwp%2Fv2%2Fcomments&post=5280"}],"version-history":[{"count":0,"href":"https:\/\/fedetenismurcia.com\/index.php?rest_route=\/wp\/v2\/posts\/5280\/revisions"}],"wp:attachment":[{"href":"https:\/\/fedetenismurcia.com\/index.php?rest_route=%2Fwp%2Fv2%2Fmedia&parent=5280"}],"wp:term":[{"taxonomy":"category","embeddable":true,"href":"https:\/\/fedetenismurcia.com\/index.php?rest_route=%2Fwp%2Fv2%2Fcategories&post=5280"},{"taxonomy":"post_tag","embeddable":true,"href":"https:\/\/fedetenismurcia.com\/index.php?rest_route=%2Fwp%2Fv2%2Ftags&post=5280"}],"curies":[{"name":"wp","href":"https:\/\/api.w.org\/{rel}","templated":true}]}}